{"id":1289,"date":"2022-02-08T16:02:30","date_gmt":"2022-02-08T16:02:30","guid":{"rendered":"https:\/\/keskinhaber.com\/?p=1289"},"modified":"2022-04-14T18:23:07","modified_gmt":"2022-04-14T18:23:07","slug":"milliyetci-hareket-partisi-mhp-kirikkale-milletvekili-av-halil-ozturk-artan-enerji-fiyatlari-ile-ilgili-aciklamalarda-bulundu","status":"publish","type":"post","link":"https:\/\/keskinhaber.com\/index.php\/2022\/02\/08\/milliyetci-hareket-partisi-mhp-kirikkale-milletvekili-av-halil-ozturk-artan-enerji-fiyatlari-ile-ilgili-aciklamalarda-bulundu\/","title":{"rendered":"Milliyet\u00e7i Hareket Partisi (MHP) K\u0131r\u0131kkale Milletvekili Av. Halil \u00d6zt\u00fcrk artan enerji fiyatlar\u0131 ile ilgili a\u00e7\u0131klamalarda bulundu"},"content":{"rendered":"<p>Konu ile ilgili MHP\u2019li \u00d6zt\u00fcrk sosyal medya hesab\u0131ndan yapt\u0131\u011f\u0131 a\u00e7\u0131klamada \u015fu ifadelere yer verdi;<\/p>\n<p>ARTAN ENERJ\u0130 (ELEKTR\u0130K, DO\u011eALGAZ) F\u0130YATLARINDA B\u0130L\u0130NMES\u0130 GEREKENLER<br \/>\nBU S\u00dcRE\u00c7TE B\u0130RL\u0130KTEY\u0130Z\u2026<\/p>\n<p>Son zamanlarda muhalefetin \u2018mal bulmu\u015f ma\u011fribi\u2019 gibi s\u0131k\u0131ca sar\u0131ld\u0131\u011f\u0131, yine milletimizin akl\u0131n\u0131 \u00e7elmeye \u00e7al\u0131\u015fan sinsi gayretlerini g\u00f6r\u00fcyoruz.<\/p>\n<p>Konu; Artan enerji fiyatlar\u0131.<\/p>\n<p>Ger\u00e7ekten artan enerji fiyatlar\u0131ndan T\u00fcrkiye mi sorumlu birlikte k\u0131saca g\u00f6z atal\u0131m: D\u00fcnyada 1 y\u0131l \u00f6ncesine g\u00f6re Enerji sekt\u00f6r\u00fcnde ciddi kaos ve kriz ya\u015fanmaktad\u0131r.<\/p>\n<p>D\u00fcnya genelinde elektrik fiyatlar\u0131, salg\u0131n\u0131n ard\u0131ndan \u00fclkelerin ekonomik toparlanma s\u00fcrecine girmesi, arz\u0131n h\u0131zla artan talep kar\u015f\u0131s\u0131nda yetersiz kalmas\u0131, olumsuz iklim \u015fartlar\u0131 ve fosil yak\u0131t fiyatlar\u0131ndaki art\u0131\u015f\u0131n etkisiyle y\u00fckseli\u015fini s\u00fcrd\u00fcrmektedir.<\/p>\n<p>Rusya-Ukrayna krizi ve d\u00fcnya petrol \u00fcretiminin %40\u2019\u0131n\u0131 kar\u015f\u0131layan OPEC + (Rusya) anla\u015fmaya vard\u0131klar\u0131 g\u00fcnl\u00fck 400 bin varil \u00fcretimin \u00fczerine \u00e7\u0131km\u0131yorlar. Yani petrol muslu\u011fu gerekti\u011fi kadar a\u00e7\u0131lm\u0131yor.<\/p>\n<p>Avrupa merkezli enerji borsalar\u0131 verilerine g\u00f6re, spot piyasalarda bir megavatsaat elektri\u011fin fiyat\u0131 ge\u00e7en y\u0131l rekor seviyede artm\u0131\u015f ve artmaya devam etmektedir.<\/p>\n<p>T\u00fcrkiye\u2019nin elektrik \u00fcretim kurulu g\u00fcc\u00fcn\u00fcn (99.819,6 megavat); % 48,3\u2019\u00fc termik santrallerden, %31,5\u2019i HES\u2019lerden, %10,6\u2019s\u0131 r\u00fczg\u00e2r enerjisinden, %7,8\u2019i g\u00fcne\u015f enerjisinden, %1,7\u2019si de jeotermal enerjiden sa\u011flanmaktad\u0131r.<\/p>\n<p>T\u00fcrkiye ekonomik b\u00fcy\u00fcmesine paralel, sanayide % 20\u2019ler mertebesinde elektrik t\u00fcketiminde ciddi bir art\u0131\u015f ya\u015fam\u0131\u015ft\u0131r. 2021\u2019de iklim \u015fartlar\u0131 nedeniyle hidroelektrikte kulland\u0131\u011f\u0131m\u0131z suyumuz azalm\u0131\u015f ve fiyat\u0131 \u015fuan en pahal\u0131 kaynak olan ithal k\u00f6m\u00fcr fiyatlar\u0131ndan \u00fcretim yap\u0131lmaktad\u0131r.<\/p>\n<p>Di\u011fer taraftan 2021\u2019de vatanda\u015f\u0131m\u0131z\u0131n kulland\u0131\u011f\u0131 do\u011falgaz\u0131n 4\u2019te 3\u2019\u00fcn\u00fc devlet s\u00fcbvanse etmi\u015ftir. Yani 400 TL\u2019lik gaz kullan\u0131ld\u0131ysa, bunun 100 liras\u0131n\u0131 vatanda\u015f geri kalan 300 TL\u2019yi devlet kar\u015f\u0131lam\u0131\u015ft\u0131r.<\/p>\n<p>Elektrikte de bu oran % 50 seviyesinde yani faturan\u0131n yar\u0131s\u0131 hazine b\u00fct\u00e7esinden s\u00fcbvanse edilmi\u015ftir. Sadece do\u011fal gaz ve elektrikte 100 milyar TL vatanda\u015f\u0131n yerine devlet \u00f6demi\u015f, destek olmu\u015ftur.<\/p>\n<p>\u015eu anda ya\u015fanan fiyat art\u0131\u015flar\u0131n\u0131n alt\u0131nda yatan ana neden; t\u00fcm d\u00fcnyada enerji maliyetlerinin a\u015f\u0131r\u0131 artmas\u0131d\u0131r. H\u00fck\u00fcmet durumun fark\u0131ndad\u0131r ve yeni d\u00fczenlemeler k\u0131sa zamanda vatanda\u015f\u0131m\u0131z\u0131n lehine olacak \u015fekilde hayata ge\u00e7ecektir.<\/p>\n<p>L\u00fctfen; en k\u00fc\u00e7\u00fck olumsuzlu\u011fu f\u0131rt\u0131naya d\u00f6n\u00fc\u015ft\u00fcrmeye \u00e7al\u0131\u015fan ve bat\u0131dan medet uman muhalefetin oyununa gelmeyelim. Her zaman oldu\u011fu gibi; milli duru\u015fumuzla bu s\u00fcrecin de \u00fcstesinden yine elbirli\u011fi ile gelece\u011fiz.<\/p>\n<p>\u00c7ok de\u011fil, az sab\u0131r\u2026<\/p>\n","protected":false},"excerpt":{"rendered":"<p>Konu ile ilgili MHP\u2019li \u00d6zt\u00fcrk sosyal medya hesab\u0131ndan yapt\u0131\u011f\u0131 a\u00e7\u0131klamada \u015fu ifadelere yer verdi; ARTAN ENERJ\u0130 (ELEKTR\u0130K, DO\u011eALGAZ) F\u0130YATLARINDA B\u0130L\u0130NMES\u0130 GEREKENLER BU S\u00dcRE\u00c7TE B\u0130RL\u0130KTEY\u0130Z\u2026 Son zamanlarda muhalefetin \u2018mal bulmu\u015f ma\u011fribi\u2019 gibi s\u0131k\u0131ca sar\u0131ld\u0131\u011f\u0131, yine milletimizin akl\u0131n\u0131 \u00e7elmeye \u00e7al\u0131\u015fan sinsi gayretlerini g\u00f6r\u00fcyoruz. Konu; Artan enerji fiyatlar\u0131. Ger\u00e7ekten artan enerji fiyatlar\u0131ndan T\u00fcrkiye mi sorumlu birlikte k\u0131saca g\u00f6z [&hellip;]<\/p>\n","protected":false},"author":1,"featured_media":1293,"comment_status":"closed","ping_status":"open","sticky":false,"template":"","format":"standard","meta":{"om_disable_all_campaigns":false,"_monsterinsights_skip_tracking":false,"_monsterinsights_sitenote_active":false,"_monsterinsights_sitenote_note":"","_monsterinsights_sitenote_category":0,"_uf_show_specific_survey":0,"_uf_disable_surveys":false,"footnotes":""},"categories":[39],"tags":[],"class_list":["post-1289","post","type-post","status-publish","format-standard","has-post-thumbnail","hentry","category-siyaset"],"aioseo_notices":[],"yoast_head":"<!-- This site is optimized with the Yoast SEO plugin v27.5 - https:\/\/yoast.com\/product\/yoast-seo-wordpress\/ -->\n<title>keskin, haber<\/title>\n<meta name=\"description\" content=\"Keskin-Haberleri,K\u0131r\u0131kkale-Haber,Keskin_Belediyesi,K\u0131r\u0131kkale-Gezilecek-Yerler,K\u0131r\u0131kkale-G\u00fcndem\" \/>\n<meta name=\"robots\" content=\"index, follow, max-snippet:-1, max-image-preview:large, max-video-preview:-1\" \/>\n<link rel=\"canonical\" href=\"https:\/\/keskinhaber.com\/index.php\/2022\/02\/08\/milliyetci-hareket-partisi-mhp-kirikkale-milletvekili-av-halil-ozturk-artan-enerji-fiyatlari-ile-ilgili-aciklamalarda-bulundu\/\" \/>\n<meta property=\"og:locale\" content=\"tr_TR\" \/>\n<meta property=\"og:type\" content=\"article\" \/>\n<meta property=\"og:title\" content=\"keskin, haber\" \/>\n<meta property=\"og:description\" content=\"Keskin-Haberleri,K\u0131r\u0131kkale-Haber,Keskin_Belediyesi,K\u0131r\u0131kkale-Gezilecek-Yerler,K\u0131r\u0131kkale-G\u00fcndem\" \/>\n<meta property=\"og:url\" content=\"https:\/\/keskinhaber.com\/index.php\/2022\/02\/08\/milliyetci-hareket-partisi-mhp-kirikkale-milletvekili-av-halil-ozturk-artan-enerji-fiyatlari-ile-ilgili-aciklamalarda-bulundu\/\" \/>\n<meta property=\"og:site_name\" content=\"Keskin Haber\" \/>\n<meta property=\"article:publisher\" content=\"https:\/\/www.facebook.com\/KeskinFM\" \/>\n<meta property=\"article:published_time\" content=\"2022-02-08T16:02:30+00:00\" \/>\n<meta property=\"article:modified_time\" content=\"2022-04-14T18:23:07+00:00\" \/>\n<meta property=\"og:image\" content=\"https:\/\/keskinhaber.com\/wp-content\/uploads\/2022\/02\/WhatsApp-Image-2022-02-08-at-19.00.13.jpeg\" \/>\n\t<meta property=\"og:image:width\" content=\"826\" \/>\n\t<meta property=\"og:image:height\" content=\"584\" \/>\n\t<meta property=\"og:image:type\" content=\"image\/jpeg\" \/>\n<meta name=\"author\" content=\"admin\" \/>\n<meta name=\"twitter:card\" content=\"summary_large_image\" \/>\n<meta name=\"twitter:creator\" content=\"@keskinhaber\" \/>\n<meta name=\"twitter:site\" content=\"@keskinhaber\" \/>\n<meta name=\"twitter:label1\" content=\"Yazan:\" \/>\n\t<meta name=\"twitter:data1\" content=\"admin\" \/>\n\t<meta name=\"twitter:label2\" content=\"Tahmini okuma s\u00fcresi\" \/>\n\t<meta name=\"twitter:data2\" content=\"2 dakika\" \/>\n<script type=\"application\/ld+json\" class=\"yoast-schema-graph\">{\"@context\":\"https:\\\/\\\/schema.org\",\"@graph\":[{\"@type\":\"Article\",\"@id\":\"https:\\\/\\\/keskinhaber.com\\\/index.php\\\/2022\\\/02\\\/08\\\/milliyetci-hareket-partisi-mhp-kirikkale-milletvekili-av-halil-ozturk-artan-enerji-fiyatlari-ile-ilgili-aciklamalarda-bulundu\\\/#article\",\"isPartOf\":{\"@id\":\"https:\\\/\\\/keskinhaber.com\\\/index.php\\\/2022\\\/02\\\/08\\\/milliyetci-hareket-partisi-mhp-kirikkale-milletvekili-av-halil-ozturk-artan-enerji-fiyatlari-ile-ilgili-aciklamalarda-bulundu\\\/\"},\"author\":{\"name\":\"admin\",\"@id\":\"https:\\\/\\\/keskinhaber.com\\\/#\\\/schema\\\/person\\\/895eaf7fdaa84e6aa6e66cb81cb43d15\"},\"headline\":\"Milliyet\u00e7i Hareket Partisi (MHP) K\u0131r\u0131kkale Milletvekili Av. Halil \u00d6zt\u00fcrk artan enerji fiyatlar\u0131 ile ilgili a\u00e7\u0131klamalarda bulundu\",\"datePublished\":\"2022-02-08T16:02:30+00:00\",\"dateModified\":\"2022-04-14T18:23:07+00:00\",\"mainEntityOfPage\":{\"@id\":\"https:\\\/\\\/keskinhaber.com\\\/index.php\\\/2022\\\/02\\\/08\\\/milliyetci-hareket-partisi-mhp-kirikkale-milletvekili-av-halil-ozturk-artan-enerji-fiyatlari-ile-ilgili-aciklamalarda-bulundu\\\/\"},\"wordCount\":478,\"publisher\":{\"@id\":\"https:\\\/\\\/keskinhaber.com\\\/#organization\"},\"image\":{\"@id\":\"https:\\\/\\\/keskinhaber.com\\\/index.php\\\/2022\\\/02\\\/08\\\/milliyetci-hareket-partisi-mhp-kirikkale-milletvekili-av-halil-ozturk-artan-enerji-fiyatlari-ile-ilgili-aciklamalarda-bulundu\\\/#primaryimage\"},\"thumbnailUrl\":\"https:\\\/\\\/keskinhaber.com\\\/wp-content\\\/uploads\\\/2022\\\/02\\\/WhatsApp-Image-2022-02-08-at-19.00.13.jpeg\",\"articleSection\":[\"Siyaset\"],\"inLanguage\":\"tr\"},{\"@type\":\"WebPage\",\"@id\":\"https:\\\/\\\/keskinhaber.com\\\/index.php\\\/2022\\\/02\\\/08\\\/milliyetci-hareket-partisi-mhp-kirikkale-milletvekili-av-halil-ozturk-artan-enerji-fiyatlari-ile-ilgili-aciklamalarda-bulundu\\\/\",\"url\":\"https:\\\/\\\/keskinhaber.com\\\/index.php\\\/2022\\\/02\\\/08\\\/milliyetci-hareket-partisi-mhp-kirikkale-milletvekili-av-halil-ozturk-artan-enerji-fiyatlari-ile-ilgili-aciklamalarda-bulundu\\\/\",\"name\":\"keskin, haber\",\"isPartOf\":{\"@id\":\"https:\\\/\\\/keskinhaber.com\\\/#website\"},\"primaryImageOfPage\":{\"@id\":\"https:\\\/\\\/keskinhaber.com\\\/index.php\\\/2022\\\/02\\\/08\\\/milliyetci-hareket-partisi-mhp-kirikkale-milletvekili-av-halil-ozturk-artan-enerji-fiyatlari-ile-ilgili-aciklamalarda-bulundu\\\/#primaryimage\"},\"image\":{\"@id\":\"https:\\\/\\\/keskinhaber.com\\\/index.php\\\/2022\\\/02\\\/08\\\/milliyetci-hareket-partisi-mhp-kirikkale-milletvekili-av-halil-ozturk-artan-enerji-fiyatlari-ile-ilgili-aciklamalarda-bulundu\\\/#primaryimage\"},\"thumbnailUrl\":\"https:\\\/\\\/keskinhaber.com\\\/wp-content\\\/uploads\\\/2022\\\/02\\\/WhatsApp-Image-2022-02-08-at-19.00.13.jpeg\",\"datePublished\":\"2022-02-08T16:02:30+00:00\",\"dateModified\":\"2022-04-14T18:23:07+00:00\",\"description\":\"Keskin-Haberleri,K\u0131r\u0131kkale-Haber,Keskin_Belediyesi,K\u0131r\u0131kkale-Gezilecek-Yerler,K\u0131r\u0131kkale-G\u00fcndem\",\"breadcrumb\":{\"@id\":\"https:\\\/\\\/keskinhaber.com\\\/index.php\\\/2022\\\/02\\\/08\\\/milliyetci-hareket-partisi-mhp-kirikkale-milletvekili-av-halil-ozturk-artan-enerji-fiyatlari-ile-ilgili-aciklamalarda-bulundu\\\/#breadcrumb\"},\"inLanguage\":\"tr\",\"potentialAction\":[{\"@type\":\"ReadAction\",\"target\":[\"https:\\\/\\\/keskinhaber.com\\\/index.php\\\/2022\\\/02\\\/08\\\/milliyetci-hareket-partisi-mhp-kirikkale-milletvekili-av-halil-ozturk-artan-enerji-fiyatlari-ile-ilgili-aciklamalarda-bulundu\\\/\"]}]},{\"@type\":\"ImageObject\",\"inLanguage\":\"tr\",\"@id\":\"https:\\\/\\\/keskinhaber.com\\\/index.php\\\/2022\\\/02\\\/08\\\/milliyetci-hareket-partisi-mhp-kirikkale-milletvekili-av-halil-ozturk-artan-enerji-fiyatlari-ile-ilgili-aciklamalarda-bulundu\\\/#primaryimage\",\"url\":\"https:\\\/\\\/keskinhaber.com\\\/wp-content\\\/uploads\\\/2022\\\/02\\\/WhatsApp-Image-2022-02-08-at-19.00.13.jpeg\",\"contentUrl\":\"https:\\\/\\\/keskinhaber.com\\\/wp-content\\\/uploads\\\/2022\\\/02\\\/WhatsApp-Image-2022-02-08-at-19.00.13.jpeg\",\"width\":826,\"height\":584},{\"@type\":\"BreadcrumbList\",\"@id\":\"https:\\\/\\\/keskinhaber.com\\\/index.php\\\/2022\\\/02\\\/08\\\/milliyetci-hareket-partisi-mhp-kirikkale-milletvekili-av-halil-ozturk-artan-enerji-fiyatlari-ile-ilgili-aciklamalarda-bulundu\\\/#breadcrumb\",\"itemListElement\":[{\"@type\":\"ListItem\",\"position\":1,\"name\":\"Home\",\"item\":\"https:\\\/\\\/keskinhaber.com\\\/\"},{\"@type\":\"ListItem\",\"position\":2,\"name\":\"Milliyet\u00e7i Hareket Partisi (MHP) K\u0131r\u0131kkale Milletvekili Av. Halil \u00d6zt\u00fcrk artan enerji fiyatlar\u0131 ile ilgili a\u00e7\u0131klamalarda bulundu\"}]},{\"@type\":\"WebSite\",\"@id\":\"https:\\\/\\\/keskinhaber.com\\\/#website\",\"url\":\"https:\\\/\\\/keskinhaber.com\\\/\",\"name\":\"Keskin Haber\",\"description\":\"Tarafs\u0131z Haberin Merkezi\",\"publisher\":{\"@id\":\"https:\\\/\\\/keskinhaber.com\\\/#organization\"},\"alternateName\":\"keskinhaber\",\"potentialAction\":[{\"@type\":\"SearchAction\",\"target\":{\"@type\":\"EntryPoint\",\"urlTemplate\":\"https:\\\/\\\/keskinhaber.com\\\/?s={search_term_string}\"},\"query-input\":{\"@type\":\"PropertyValueSpecification\",\"valueRequired\":true,\"valueName\":\"search_term_string\"}}],\"inLanguage\":\"tr\"},{\"@type\":\"Organization\",\"@id\":\"https:\\\/\\\/keskinhaber.com\\\/#organization\",\"name\":\"Keskin Haber-Tarafs\u0131z Haberin Merkezi\",\"alternateName\":\"keskinhaber\",\"url\":\"https:\\\/\\\/keskinhaber.com\\\/\",\"logo\":{\"@type\":\"ImageObject\",\"inLanguage\":\"tr\",\"@id\":\"https:\\\/\\\/keskinhaber.com\\\/#\\\/schema\\\/logo\\\/image\\\/\",\"url\":\"https:\\\/\\\/keskinhaber.com\\\/wp-content\\\/uploads\\\/2020\\\/12\\\/keskin-haber-logo.png\",\"contentUrl\":\"https:\\\/\\\/keskinhaber.com\\\/wp-content\\\/uploads\\\/2020\\\/12\\\/keskin-haber-logo.png\",\"width\":229,\"height\":40,\"caption\":\"Keskin Haber-Tarafs\u0131z Haberin Merkezi\"},\"image\":{\"@id\":\"https:\\\/\\\/keskinhaber.com\\\/#\\\/schema\\\/logo\\\/image\\\/\"},\"sameAs\":[\"https:\\\/\\\/www.facebook.com\\\/KeskinFM\",\"https:\\\/\\\/x.com\\\/keskinhaber\"]},{\"@type\":\"Person\",\"@id\":\"https:\\\/\\\/keskinhaber.com\\\/#\\\/schema\\\/person\\\/895eaf7fdaa84e6aa6e66cb81cb43d15\",\"name\":\"admin\",\"image\":{\"@type\":\"ImageObject\",\"inLanguage\":\"tr\",\"@id\":\"https:\\\/\\\/secure.gravatar.com\\\/avatar\\\/638399cc6c046cab6b781ba08137f90e3c088d731afee2cc8e755ee107e4ced8?s=96&d=mm&r=g\",\"url\":\"https:\\\/\\\/secure.gravatar.com\\\/avatar\\\/638399cc6c046cab6b781ba08137f90e3c088d731afee2cc8e755ee107e4ced8?s=96&d=mm&r=g\",\"contentUrl\":\"https:\\\/\\\/secure.gravatar.com\\\/avatar\\\/638399cc6c046cab6b781ba08137f90e3c088d731afee2cc8e755ee107e4ced8?s=96&d=mm&r=g\",\"caption\":\"admin\"},\"sameAs\":[\"https:\\\/\\\/keskinhaber.com\"]}]}<\/script>\n<!-- \/ Yoast SEO plugin. -->","yoast_head_json":{"title":"keskin, haber","description":"Keskin-Haberleri,K\u0131r\u0131kkale-Haber,Keskin_Belediyesi,K\u0131r\u0131kkale-Gezilecek-Yerler,K\u0131r\u0131kkale-G\u00fcndem","robots":{"index":"index","follow":"follow","max-snippet":"max-snippet:-1","max-image-preview":"max-image-preview:large","max-video-preview":"max-video-preview:-1"},"canonical":"https:\/\/keskinhaber.com\/index.php\/2022\/02\/08\/milliyetci-hareket-partisi-mhp-kirikkale-milletvekili-av-halil-ozturk-artan-enerji-fiyatlari-ile-ilgili-aciklamalarda-bulundu\/","og_locale":"tr_TR","og_type":"article","og_title":"keskin, haber","og_description":"Keskin-Haberleri,K\u0131r\u0131kkale-Haber,Keskin_Belediyesi,K\u0131r\u0131kkale-Gezilecek-Yerler,K\u0131r\u0131kkale-G\u00fcndem","og_url":"https:\/\/keskinhaber.com\/index.php\/2022\/02\/08\/milliyetci-hareket-partisi-mhp-kirikkale-milletvekili-av-halil-ozturk-artan-enerji-fiyatlari-ile-ilgili-aciklamalarda-bulundu\/","og_site_name":"Keskin Haber","article_publisher":"https:\/\/www.facebook.com\/KeskinFM","article_published_time":"2022-02-08T16:02:30+00:00","article_modified_time":"2022-04-14T18:23:07+00:00","og_image":[{"width":826,"height":584,"url":"https:\/\/keskinhaber.com\/wp-content\/uploads\/2022\/02\/WhatsApp-Image-2022-02-08-at-19.00.13.jpeg","type":"image\/jpeg"}],"author":"admin","twitter_card":"summary_large_image","twitter_creator":"@keskinhaber","twitter_site":"@keskinhaber","twitter_misc":{"Yazan:":"admin","Tahmini okuma s\u00fcresi":"2 dakika"},"schema":{"@context":"https:\/\/schema.org","@graph":[{"@type":"Article","@id":"https:\/\/keskinhaber.com\/index.php\/2022\/02\/08\/milliyetci-hareket-partisi-mhp-kirikkale-milletvekili-av-halil-ozturk-artan-enerji-fiyatlari-ile-ilgili-aciklamalarda-bulundu\/#article","isPartOf":{"@id":"https:\/\/keskinhaber.com\/index.php\/2022\/02\/08\/milliyetci-hareket-partisi-mhp-kirikkale-milletvekili-av-halil-ozturk-artan-enerji-fiyatlari-ile-ilgili-aciklamalarda-bulundu\/"},"author":{"name":"admin","@id":"https:\/\/keskinhaber.com\/#\/schema\/person\/895eaf7fdaa84e6aa6e66cb81cb43d15"},"headline":"Milliyet\u00e7i Hareket Partisi (MHP) K\u0131r\u0131kkale Milletvekili Av. Halil \u00d6zt\u00fcrk artan enerji fiyatlar\u0131 ile ilgili a\u00e7\u0131klamalarda bulundu","datePublished":"2022-02-08T16:02:30+00:00","dateModified":"2022-04-14T18:23:07+00:00","mainEntityOfPage":{"@id":"https:\/\/keskinhaber.com\/index.php\/2022\/02\/08\/milliyetci-hareket-partisi-mhp-kirikkale-milletvekili-av-halil-ozturk-artan-enerji-fiyatlari-ile-ilgili-aciklamalarda-bulundu\/"},"wordCount":478,"publisher":{"@id":"https:\/\/keskinhaber.com\/#organization"},"image":{"@id":"https:\/\/keskinhaber.com\/index.php\/2022\/02\/08\/milliyetci-hareket-partisi-mhp-kirikkale-milletvekili-av-halil-ozturk-artan-enerji-fiyatlari-ile-ilgili-aciklamalarda-bulundu\/#primaryimage"},"thumbnailUrl":"https:\/\/keskinhaber.com\/wp-content\/uploads\/2022\/02\/WhatsApp-Image-2022-02-08-at-19.00.13.jpeg","articleSection":["Siyaset"],"inLanguage":"tr"},{"@type":"WebPage","@id":"https:\/\/keskinhaber.com\/index.php\/2022\/02\/08\/milliyetci-hareket-partisi-mhp-kirikkale-milletvekili-av-halil-ozturk-artan-enerji-fiyatlari-ile-ilgili-aciklamalarda-bulundu\/","url":"https:\/\/keskinhaber.com\/index.php\/2022\/02\/08\/milliyetci-hareket-partisi-mhp-kirikkale-milletvekili-av-halil-ozturk-artan-enerji-fiyatlari-ile-ilgili-aciklamalarda-bulundu\/","name":"keskin, haber","isPartOf":{"@id":"https:\/\/keskinhaber.com\/#website"},"primaryImageOfPage":{"@id":"https:\/\/keskinhaber.com\/index.php\/2022\/02\/08\/milliyetci-hareket-partisi-mhp-kirikkale-milletvekili-av-halil-ozturk-artan-enerji-fiyatlari-ile-ilgili-aciklamalarda-bulundu\/#primaryimage"},"image":{"@id":"https:\/\/keskinhaber.com\/index.php\/2022\/02\/08\/milliyetci-hareket-partisi-mhp-kirikkale-milletvekili-av-halil-ozturk-artan-enerji-fiyatlari-ile-ilgili-aciklamalarda-bulundu\/#primaryimage"},"thumbnailUrl":"https:\/\/keskinhaber.com\/wp-content\/uploads\/2022\/02\/WhatsApp-Image-2022-02-08-at-19.00.13.jpeg","datePublished":"2022-02-08T16:02:30+00:00","dateModified":"2022-04-14T18:23:07+00:00","description":"Keskin-Haberleri,K\u0131r\u0131kkale-Haber,Keskin_Belediyesi,K\u0131r\u0131kkale-Gezilecek-Yerler,K\u0131r\u0131kkale-G\u00fcndem","breadcrumb":{"@id":"https:\/\/keskinhaber.com\/index.php\/2022\/02\/08\/milliyetci-hareket-partisi-mhp-kirikkale-milletvekili-av-halil-ozturk-artan-enerji-fiyatlari-ile-ilgili-aciklamalarda-bulundu\/#breadcrumb"},"inLanguage":"tr","potentialAction":[{"@type":"ReadAction","target":["https:\/\/keskinhaber.com\/index.php\/2022\/02\/08\/milliyetci-hareket-partisi-mhp-kirikkale-milletvekili-av-halil-ozturk-artan-enerji-fiyatlari-ile-ilgili-aciklamalarda-bulundu\/"]}]},{"@type":"ImageObject","inLanguage":"tr","@id":"https:\/\/keskinhaber.com\/index.php\/2022\/02\/08\/milliyetci-hareket-partisi-mhp-kirikkale-milletvekili-av-halil-ozturk-artan-enerji-fiyatlari-ile-ilgili-aciklamalarda-bulundu\/#primaryimage","url":"https:\/\/keskinhaber.com\/wp-content\/uploads\/2022\/02\/WhatsApp-Image-2022-02-08-at-19.00.13.jpeg","contentUrl":"https:\/\/keskinhaber.com\/wp-content\/uploads\/2022\/02\/WhatsApp-Image-2022-02-08-at-19.00.13.jpeg","width":826,"height":584},{"@type":"BreadcrumbList","@id":"https:\/\/keskinhaber.com\/index.php\/2022\/02\/08\/milliyetci-hareket-partisi-mhp-kirikkale-milletvekili-av-halil-ozturk-artan-enerji-fiyatlari-ile-ilgili-aciklamalarda-bulundu\/#breadcrumb","itemListElement":[{"@type":"ListItem","position":1,"name":"Home","item":"https:\/\/keskinhaber.com\/"},{"@type":"ListItem","position":2,"name":"Milliyet\u00e7i Hareket Partisi (MHP) K\u0131r\u0131kkale Milletvekili Av. Halil \u00d6zt\u00fcrk artan enerji fiyatlar\u0131 ile ilgili a\u00e7\u0131klamalarda bulundu"}]},{"@type":"WebSite","@id":"https:\/\/keskinhaber.com\/#website","url":"https:\/\/keskinhaber.com\/","name":"Keskin Haber","description":"Tarafs\u0131z Haberin Merkezi","publisher":{"@id":"https:\/\/keskinhaber.com\/#organization"},"alternateName":"keskinhaber","potentialAction":[{"@type":"SearchAction","target":{"@type":"EntryPoint","urlTemplate":"https:\/\/keskinhaber.com\/?s={search_term_string}"},"query-input":{"@type":"PropertyValueSpecification","valueRequired":true,"valueName":"search_term_string"}}],"inLanguage":"tr"},{"@type":"Organization","@id":"https:\/\/keskinhaber.com\/#organization","name":"Keskin Haber-Tarafs\u0131z Haberin Merkezi","alternateName":"keskinhaber","url":"https:\/\/keskinhaber.com\/","logo":{"@type":"ImageObject","inLanguage":"tr","@id":"https:\/\/keskinhaber.com\/#\/schema\/logo\/image\/","url":"https:\/\/keskinhaber.com\/wp-content\/uploads\/2020\/12\/keskin-haber-logo.png","contentUrl":"https:\/\/keskinhaber.com\/wp-content\/uploads\/2020\/12\/keskin-haber-logo.png","width":229,"height":40,"caption":"Keskin Haber-Tarafs\u0131z Haberin Merkezi"},"image":{"@id":"https:\/\/keskinhaber.com\/#\/schema\/logo\/image\/"},"sameAs":["https:\/\/www.facebook.com\/KeskinFM","https:\/\/x.com\/keskinhaber"]},{"@type":"Person","@id":"https:\/\/keskinhaber.com\/#\/schema\/person\/895eaf7fdaa84e6aa6e66cb81cb43d15","name":"admin","image":{"@type":"ImageObject","inLanguage":"tr","@id":"https:\/\/secure.gravatar.com\/avatar\/638399cc6c046cab6b781ba08137f90e3c088d731afee2cc8e755ee107e4ced8?s=96&d=mm&r=g","url":"https:\/\/secure.gravatar.com\/avatar\/638399cc6c046cab6b781ba08137f90e3c088d731afee2cc8e755ee107e4ced8?s=96&d=mm&r=g","contentUrl":"https:\/\/secure.gravatar.com\/avatar\/638399cc6c046cab6b781ba08137f90e3c088d731afee2cc8e755ee107e4ced8?s=96&d=mm&r=g","caption":"admin"},"sameAs":["https:\/\/keskinhaber.com"]}]}},"_links":{"self":[{"href":"https:\/\/keskinhaber.com\/index.php\/wp-json\/wp\/v2\/posts\/1289","targetHints":{"allow":["GET"]}}],"collection":[{"href":"https:\/\/keskinhaber.com\/index.php\/wp-json\/wp\/v2\/posts"}],"about":[{"href":"https:\/\/keskinhaber.com\/index.php\/wp-json\/wp\/v2\/types\/post"}],"author":[{"embeddable":true,"href":"https:\/\/keskinhaber.com\/index.php\/wp-json\/wp\/v2\/users\/1"}],"replies":[{"embeddable":true,"href":"https:\/\/keskinhaber.com\/index.php\/wp-json\/wp\/v2\/comments?post=1289"}],"version-history":[{"count":1,"href":"https:\/\/keskinhaber.com\/index.php\/wp-json\/wp\/v2\/posts\/1289\/revisions"}],"predecessor-version":[{"id":1291,"href":"https:\/\/keskinhaber.com\/index.php\/wp-json\/wp\/v2\/posts\/1289\/revisions\/1291"}],"wp:featuredmedia":[{"embeddable":true,"href":"https:\/\/keskinhaber.com\/index.php\/wp-json\/wp\/v2\/media\/1293"}],"wp:attachment":[{"href":"https:\/\/keskinhaber.com\/index.php\/wp-json\/wp\/v2\/media?parent=1289"}],"wp:term":[{"taxonomy":"category","embeddable":true,"href":"https:\/\/keskinhaber.com\/index.php\/wp-json\/wp\/v2\/categories?post=1289"},{"taxonomy":"post_tag","embeddable":true,"href":"https:\/\/keskinhaber.com\/index.php\/wp-json\/wp\/v2\/tags?post=1289"}],"curies":[{"name":"wp","href":"https:\/\/api.w.org\/{rel}","templated":true}]}}