{"id":1348,"date":"2022-04-14T21:27:40","date_gmt":"2022-04-14T21:27:40","guid":{"rendered":"https:\/\/keskinhaber.com\/?p=1348"},"modified":"2022-04-14T21:28:07","modified_gmt":"2022-04-14T21:28:07","slug":"ic-anadolu-koordinatorlugune-kirikkale-milletvekili-ahmet-onal-getirildi","status":"publish","type":"post","link":"https:\/\/keskinhaber.com\/index.php\/2022\/04\/14\/ic-anadolu-koordinatorlugune-kirikkale-milletvekili-ahmet-onal-getirildi\/","title":{"rendered":"\u0130\u00e7 Anadolu Koordinat\u00f6rl\u00fc\u011f\u00fcne K\u0131r\u0131kkale Milletvekili Ahmet \u00d6nal Getirildi."},"content":{"rendered":"<p>CHP\u2019de 12 ilin kat\u0131l\u0131m\u0131yla parti genel merkezinde d\u00fczenlenen toplant\u0131yla CHP \u0130\u00e7 Anadolu Masas\u0131 kuruldu. \u0130\u00e7 Anadolu Masas\u0131n\u0131n koordinat\u00f6rl\u00fc\u011f\u00fcne K\u0131r\u0131kkale Milletvekili Ahmet \u00d6nal getirildi.<span id=\"more-118295\"><\/span><\/p>\n<h2><strong>12 \u0130LDEN OLU\u015eUYOR<\/strong><\/h2>\n<p>CHP\u2019nin milletvekili \u00e7\u0131karamad\u0131\u011f\u0131 veya d\u00fc\u015f\u00fck oy ald\u0131\u011f\u0131 b\u00f6lgelerde \u00f6rg\u00fct kapasitesini art\u0131rmak i\u00e7in \u00e7al\u0131\u015fmalar\u0131n\u0131 s\u00fcrd\u00fcren Do\u011fu ve Karadeniz masalar\u0131n\u0131n ard\u0131ndan \u0130\u00e7 Anadolu Masas\u0131 kurulmu\u015f oldu. \u0130\u00e7 Anadolu Masas\u0131; Aksaray, \u00c7ank\u0131r\u0131, \u00c7orum, Karaman, Kayseri, K\u0131r\u0131kkale, K\u0131r\u015fehir, Konya, Nev\u015fehir, Ni\u011fde, Sivas ve Yozgat\u2019ta \u00e7al\u0131\u015fmalar\u0131n\u0131 s\u00fcrd\u00fcrecek.masan\u0131n koordinat\u00f6rl\u00fc\u011f\u00fcn\u00fc CHP K\u0131r\u0131kkale Milletvekili Ahmet \u00d6nal y\u00fcr\u00fctecek.<\/p>\n<p>&nbsp;<\/p>\n<h2><strong>OYLARIMIZI ARTTIRACA\u011eIZ<\/strong><\/h2>\n<p>CHP Parti \u00d6rg\u00fct\u00fc ve \u00d6rg\u00fct Y\u00f6netiminden Sorumlu Genel Ba\u015fkan Yard\u0131mc\u0131s\u0131 O\u011fuz Kaan Sal\u0131c\u0131, kendi\u00a0 ba\u015fkanl\u0131\u011f\u0131nda kurulan masayla alakal\u0131 d\u00fczenlenen toplant\u0131da, \u201cCHP olarak toplumun t\u00fcm kesimlerine ula\u015facak \u00e7al\u0131\u015fmalar y\u00fcr\u00fct\u00fcyoruz. \u0130\u00e7 Anadolu Masas\u0131 ile birlikte az oy ald\u0131\u011f\u0131m\u0131z illerimizde \u00f6rg\u00fct kapasitesini art\u0131rarak oy oran\u0131m\u0131z\u0131 y\u00fckseltmeye y\u00f6nelik yapt\u0131\u011f\u0131m\u0131z \u00e7al\u0131\u015fmalar\u0131m\u0131za bir yenisini ekledik. \u0130\u00e7 Anadolu\u2019da bulunan 12 ilde \u00fcye say\u0131s\u0131n\u0131 art\u0131rmaya y\u00f6nelik \u00e7al\u0131\u015fmaya ba\u015fl\u0131yoruz. \u0130\u00e7 Anadolu Masas\u0131 kapsam\u0131ndaki 12 ilde, 2018 se\u00e7imlerinde AKP y\u00fczde 52,9 CHP ise y\u00fczde 13,1 oran\u0131nda oy alm\u0131\u015ft\u0131. \u0130\u00e7 Anadolu Masas\u0131 \u00fcyesi arkada\u015flar\u0131m\u0131z il il, k\u00f6y k\u00f6y gezerek \u00e7al\u0131\u015fma y\u00fcr\u00fctecek. Yapaca\u011f\u0131m\u0131z \u00e7al\u0131\u015fmalarla hem \u00fcye say\u0131m\u0131z\u0131, hem de oy oran\u0131m\u0131z\u0131 art\u0131raca\u011f\u0131z. Biz b\u00fct\u00fcn bu \u00e7al\u0131\u015fmalar\u0131n, b\u00fct\u00fcn bu motivasyonun sonucunda iktidar olaca\u011f\u0131m\u0131za inan\u0131yoruz.\u201d dedi.<\/p>\n<div class=\"stream-item stream-item-below-post-content\">\n<div align=\"center\"><\/div>\n<\/div>\n","protected":false},"excerpt":{"rendered":"<p>CHP\u2019de 12 ilin kat\u0131l\u0131m\u0131yla parti genel merkezinde d\u00fczenlenen toplant\u0131yla CHP \u0130\u00e7 Anadolu Masas\u0131 kuruldu. \u0130\u00e7 Anadolu Masas\u0131n\u0131n koordinat\u00f6rl\u00fc\u011f\u00fcne K\u0131r\u0131kkale Milletvekili Ahmet \u00d6nal getirildi. 12 \u0130LDEN OLU\u015eUYOR CHP\u2019nin milletvekili \u00e7\u0131karamad\u0131\u011f\u0131 veya d\u00fc\u015f\u00fck oy ald\u0131\u011f\u0131 b\u00f6lgelerde \u00f6rg\u00fct kapasitesini art\u0131rmak i\u00e7in \u00e7al\u0131\u015fmalar\u0131n\u0131 s\u00fcrd\u00fcren Do\u011fu ve Karadeniz masalar\u0131n\u0131n ard\u0131ndan \u0130\u00e7 Anadolu Masas\u0131 kurulmu\u015f oldu. \u0130\u00e7 Anadolu Masas\u0131; Aksaray, \u00c7ank\u0131r\u0131, [&hellip;]<\/p>\n","protected":false},"author":1,"featured_media":1349,"comment_status":"closed","ping_status":"open","sticky":false,"template":"","format":"standard","meta":{"om_disable_all_campaigns":false,"_monsterinsights_skip_tracking":false,"_monsterinsights_sitenote_active":false,"_monsterinsights_sitenote_note":"","_monsterinsights_sitenote_category":0,"_uf_show_specific_survey":0,"_uf_disable_surveys":false,"footnotes":""},"categories":[39],"tags":[],"class_list":["post-1348","post","type-post","status-publish","format-standard","has-post-thumbnail","hentry","category-siyaset"],"aioseo_notices":[],"yoast_head":"<!-- This site is optimized with the Yoast SEO plugin v27.5 - https:\/\/yoast.com\/product\/yoast-seo-wordpress\/ -->\n<title>keskin, haber<\/title>\n<meta name=\"description\" content=\"Keskin-Haberleri,K\u0131r\u0131kkale-Haber,Keskin_Belediyesi,K\u0131r\u0131kkale-Gezilecek-Yerler,K\u0131r\u0131kkale-G\u00fcndem\" \/>\n<meta name=\"robots\" content=\"index, follow, max-snippet:-1, max-image-preview:large, max-video-preview:-1\" \/>\n<link rel=\"canonical\" href=\"https:\/\/keskinhaber.com\/index.php\/2022\/04\/14\/ic-anadolu-koordinatorlugune-kirikkale-milletvekili-ahmet-onal-getirildi\/\" \/>\n<meta property=\"og:locale\" content=\"tr_TR\" \/>\n<meta property=\"og:type\" content=\"article\" \/>\n<meta property=\"og:title\" content=\"keskin, haber\" \/>\n<meta property=\"og:description\" content=\"Keskin-Haberleri,K\u0131r\u0131kkale-Haber,Keskin_Belediyesi,K\u0131r\u0131kkale-Gezilecek-Yerler,K\u0131r\u0131kkale-G\u00fcndem\" \/>\n<meta property=\"og:url\" content=\"https:\/\/keskinhaber.com\/index.php\/2022\/04\/14\/ic-anadolu-koordinatorlugune-kirikkale-milletvekili-ahmet-onal-getirildi\/\" \/>\n<meta property=\"og:site_name\" content=\"Keskin Haber\" \/>\n<meta property=\"article:publisher\" content=\"https:\/\/www.facebook.com\/KeskinFM\" \/>\n<meta property=\"article:published_time\" content=\"2022-04-14T21:27:40+00:00\" \/>\n<meta property=\"article:modified_time\" content=\"2022-04-14T21:28:07+00:00\" \/>\n<meta property=\"og:image\" content=\"https:\/\/keskinhaber.com\/wp-content\/uploads\/2022\/04\/ahmet_onal_chp_kirikkale_.jpg\" \/>\n\t<meta property=\"og:image:width\" content=\"865\" \/>\n\t<meta property=\"og:image:height\" content=\"599\" \/>\n\t<meta property=\"og:image:type\" content=\"image\/jpeg\" \/>\n<meta name=\"author\" content=\"admin\" \/>\n<meta name=\"twitter:card\" content=\"summary_large_image\" \/>\n<meta name=\"twitter:creator\" content=\"@keskinhaber\" \/>\n<meta name=\"twitter:site\" content=\"@keskinhaber\" \/>\n<meta name=\"twitter:label1\" content=\"Yazan:\" \/>\n\t<meta name=\"twitter:data1\" content=\"admin\" \/>\n\t<meta name=\"twitter:label2\" content=\"Tahmini okuma s\u00fcresi\" \/>\n\t<meta name=\"twitter:data2\" content=\"2 dakika\" \/>\n<script type=\"application\/ld+json\" class=\"yoast-schema-graph\">{\"@context\":\"https:\\\/\\\/schema.org\",\"@graph\":[{\"@type\":\"Article\",\"@id\":\"https:\\\/\\\/keskinhaber.com\\\/index.php\\\/2022\\\/04\\\/14\\\/ic-anadolu-koordinatorlugune-kirikkale-milletvekili-ahmet-onal-getirildi\\\/#article\",\"isPartOf\":{\"@id\":\"https:\\\/\\\/keskinhaber.com\\\/index.php\\\/2022\\\/04\\\/14\\\/ic-anadolu-koordinatorlugune-kirikkale-milletvekili-ahmet-onal-getirildi\\\/\"},\"author\":{\"name\":\"admin\",\"@id\":\"https:\\\/\\\/keskinhaber.com\\\/#\\\/schema\\\/person\\\/895eaf7fdaa84e6aa6e66cb81cb43d15\"},\"headline\":\"\u0130\u00e7 Anadolu Koordinat\u00f6rl\u00fc\u011f\u00fcne K\u0131r\u0131kkale Milletvekili Ahmet \u00d6nal Getirildi.\",\"datePublished\":\"2022-04-14T21:27:40+00:00\",\"dateModified\":\"2022-04-14T21:28:07+00:00\",\"mainEntityOfPage\":{\"@id\":\"https:\\\/\\\/keskinhaber.com\\\/index.php\\\/2022\\\/04\\\/14\\\/ic-anadolu-koordinatorlugune-kirikkale-milletvekili-ahmet-onal-getirildi\\\/\"},\"wordCount\":305,\"publisher\":{\"@id\":\"https:\\\/\\\/keskinhaber.com\\\/#organization\"},\"image\":{\"@id\":\"https:\\\/\\\/keskinhaber.com\\\/index.php\\\/2022\\\/04\\\/14\\\/ic-anadolu-koordinatorlugune-kirikkale-milletvekili-ahmet-onal-getirildi\\\/#primaryimage\"},\"thumbnailUrl\":\"https:\\\/\\\/keskinhaber.com\\\/wp-content\\\/uploads\\\/2022\\\/04\\\/ahmet_onal_chp_kirikkale_.jpg\",\"articleSection\":[\"Siyaset\"],\"inLanguage\":\"tr\"},{\"@type\":\"WebPage\",\"@id\":\"https:\\\/\\\/keskinhaber.com\\\/index.php\\\/2022\\\/04\\\/14\\\/ic-anadolu-koordinatorlugune-kirikkale-milletvekili-ahmet-onal-getirildi\\\/\",\"url\":\"https:\\\/\\\/keskinhaber.com\\\/index.php\\\/2022\\\/04\\\/14\\\/ic-anadolu-koordinatorlugune-kirikkale-milletvekili-ahmet-onal-getirildi\\\/\",\"name\":\"keskin, haber\",\"isPartOf\":{\"@id\":\"https:\\\/\\\/keskinhaber.com\\\/#website\"},\"primaryImageOfPage\":{\"@id\":\"https:\\\/\\\/keskinhaber.com\\\/index.php\\\/2022\\\/04\\\/14\\\/ic-anadolu-koordinatorlugune-kirikkale-milletvekili-ahmet-onal-getirildi\\\/#primaryimage\"},\"image\":{\"@id\":\"https:\\\/\\\/keskinhaber.com\\\/index.php\\\/2022\\\/04\\\/14\\\/ic-anadolu-koordinatorlugune-kirikkale-milletvekili-ahmet-onal-getirildi\\\/#primaryimage\"},\"thumbnailUrl\":\"https:\\\/\\\/keskinhaber.com\\\/wp-content\\\/uploads\\\/2022\\\/04\\\/ahmet_onal_chp_kirikkale_.jpg\",\"datePublished\":\"2022-04-14T21:27:40+00:00\",\"dateModified\":\"2022-04-14T21:28:07+00:00\",\"description\":\"Keskin-Haberleri,K\u0131r\u0131kkale-Haber,Keskin_Belediyesi,K\u0131r\u0131kkale-Gezilecek-Yerler,K\u0131r\u0131kkale-G\u00fcndem\",\"breadcrumb\":{\"@id\":\"https:\\\/\\\/keskinhaber.com\\\/index.php\\\/2022\\\/04\\\/14\\\/ic-anadolu-koordinatorlugune-kirikkale-milletvekili-ahmet-onal-getirildi\\\/#breadcrumb\"},\"inLanguage\":\"tr\",\"potentialAction\":[{\"@type\":\"ReadAction\",\"target\":[\"https:\\\/\\\/keskinhaber.com\\\/index.php\\\/2022\\\/04\\\/14\\\/ic-anadolu-koordinatorlugune-kirikkale-milletvekili-ahmet-onal-getirildi\\\/\"]}]},{\"@type\":\"ImageObject\",\"inLanguage\":\"tr\",\"@id\":\"https:\\\/\\\/keskinhaber.com\\\/index.php\\\/2022\\\/04\\\/14\\\/ic-anadolu-koordinatorlugune-kirikkale-milletvekili-ahmet-onal-getirildi\\\/#primaryimage\",\"url\":\"https:\\\/\\\/keskinhaber.com\\\/wp-content\\\/uploads\\\/2022\\\/04\\\/ahmet_onal_chp_kirikkale_.jpg\",\"contentUrl\":\"https:\\\/\\\/keskinhaber.com\\\/wp-content\\\/uploads\\\/2022\\\/04\\\/ahmet_onal_chp_kirikkale_.jpg\",\"width\":865,\"height\":599},{\"@type\":\"BreadcrumbList\",\"@id\":\"https:\\\/\\\/keskinhaber.com\\\/index.php\\\/2022\\\/04\\\/14\\\/ic-anadolu-koordinatorlugune-kirikkale-milletvekili-ahmet-onal-getirildi\\\/#breadcrumb\",\"itemListElement\":[{\"@type\":\"ListItem\",\"position\":1,\"name\":\"Home\",\"item\":\"https:\\\/\\\/keskinhaber.com\\\/\"},{\"@type\":\"ListItem\",\"position\":2,\"name\":\"\u0130\u00e7 Anadolu Koordinat\u00f6rl\u00fc\u011f\u00fcne K\u0131r\u0131kkale Milletvekili Ahmet \u00d6nal Getirildi.\"}]},{\"@type\":\"WebSite\",\"@id\":\"https:\\\/\\\/keskinhaber.com\\\/#website\",\"url\":\"https:\\\/\\\/keskinhaber.com\\\/\",\"name\":\"Keskin Haber\",\"description\":\"Tarafs\u0131z Haberin Merkezi\",\"publisher\":{\"@id\":\"https:\\\/\\\/keskinhaber.com\\\/#organization\"},\"alternateName\":\"keskinhaber\",\"potentialAction\":[{\"@type\":\"SearchAction\",\"target\":{\"@type\":\"EntryPoint\",\"urlTemplate\":\"https:\\\/\\\/keskinhaber.com\\\/?s={search_term_string}\"},\"query-input\":{\"@type\":\"PropertyValueSpecification\",\"valueRequired\":true,\"valueName\":\"search_term_string\"}}],\"inLanguage\":\"tr\"},{\"@type\":\"Organization\",\"@id\":\"https:\\\/\\\/keskinhaber.com\\\/#organization\",\"name\":\"Keskin Haber-Tarafs\u0131z Haberin Merkezi\",\"alternateName\":\"keskinhaber\",\"url\":\"https:\\\/\\\/keskinhaber.com\\\/\",\"logo\":{\"@type\":\"ImageObject\",\"inLanguage\":\"tr\",\"@id\":\"https:\\\/\\\/keskinhaber.com\\\/#\\\/schema\\\/logo\\\/image\\\/\",\"url\":\"https:\\\/\\\/keskinhaber.com\\\/wp-content\\\/uploads\\\/2020\\\/12\\\/keskin-haber-logo.png\",\"contentUrl\":\"https:\\\/\\\/keskinhaber.com\\\/wp-content\\\/uploads\\\/2020\\\/12\\\/keskin-haber-logo.png\",\"width\":229,\"height\":40,\"caption\":\"Keskin Haber-Tarafs\u0131z Haberin Merkezi\"},\"image\":{\"@id\":\"https:\\\/\\\/keskinhaber.com\\\/#\\\/schema\\\/logo\\\/image\\\/\"},\"sameAs\":[\"https:\\\/\\\/www.facebook.com\\\/KeskinFM\",\"https:\\\/\\\/x.com\\\/keskinhaber\"]},{\"@type\":\"Person\",\"@id\":\"https:\\\/\\\/keskinhaber.com\\\/#\\\/schema\\\/person\\\/895eaf7fdaa84e6aa6e66cb81cb43d15\",\"name\":\"admin\",\"image\":{\"@type\":\"ImageObject\",\"inLanguage\":\"tr\",\"@id\":\"https:\\\/\\\/secure.gravatar.com\\\/avatar\\\/638399cc6c046cab6b781ba08137f90e3c088d731afee2cc8e755ee107e4ced8?s=96&d=mm&r=g\",\"url\":\"https:\\\/\\\/secure.gravatar.com\\\/avatar\\\/638399cc6c046cab6b781ba08137f90e3c088d731afee2cc8e755ee107e4ced8?s=96&d=mm&r=g\",\"contentUrl\":\"https:\\\/\\\/secure.gravatar.com\\\/avatar\\\/638399cc6c046cab6b781ba08137f90e3c088d731afee2cc8e755ee107e4ced8?s=96&d=mm&r=g\",\"caption\":\"admin\"},\"sameAs\":[\"https:\\\/\\\/keskinhaber.com\"]}]}<\/script>\n<!-- \/ Yoast SEO plugin. -->","yoast_head_json":{"title":"keskin, haber","description":"Keskin-Haberleri,K\u0131r\u0131kkale-Haber,Keskin_Belediyesi,K\u0131r\u0131kkale-Gezilecek-Yerler,K\u0131r\u0131kkale-G\u00fcndem","robots":{"index":"index","follow":"follow","max-snippet":"max-snippet:-1","max-image-preview":"max-image-preview:large","max-video-preview":"max-video-preview:-1"},"canonical":"https:\/\/keskinhaber.com\/index.php\/2022\/04\/14\/ic-anadolu-koordinatorlugune-kirikkale-milletvekili-ahmet-onal-getirildi\/","og_locale":"tr_TR","og_type":"article","og_title":"keskin, haber","og_description":"Keskin-Haberleri,K\u0131r\u0131kkale-Haber,Keskin_Belediyesi,K\u0131r\u0131kkale-Gezilecek-Yerler,K\u0131r\u0131kkale-G\u00fcndem","og_url":"https:\/\/keskinhaber.com\/index.php\/2022\/04\/14\/ic-anadolu-koordinatorlugune-kirikkale-milletvekili-ahmet-onal-getirildi\/","og_site_name":"Keskin Haber","article_publisher":"https:\/\/www.facebook.com\/KeskinFM","article_published_time":"2022-04-14T21:27:40+00:00","article_modified_time":"2022-04-14T21:28:07+00:00","og_image":[{"width":865,"height":599,"url":"https:\/\/keskinhaber.com\/wp-content\/uploads\/2022\/04\/ahmet_onal_chp_kirikkale_.jpg","type":"image\/jpeg"}],"author":"admin","twitter_card":"summary_large_image","twitter_creator":"@keskinhaber","twitter_site":"@keskinhaber","twitter_misc":{"Yazan:":"admin","Tahmini okuma s\u00fcresi":"2 dakika"},"schema":{"@context":"https:\/\/schema.org","@graph":[{"@type":"Article","@id":"https:\/\/keskinhaber.com\/index.php\/2022\/04\/14\/ic-anadolu-koordinatorlugune-kirikkale-milletvekili-ahmet-onal-getirildi\/#article","isPartOf":{"@id":"https:\/\/keskinhaber.com\/index.php\/2022\/04\/14\/ic-anadolu-koordinatorlugune-kirikkale-milletvekili-ahmet-onal-getirildi\/"},"author":{"name":"admin","@id":"https:\/\/keskinhaber.com\/#\/schema\/person\/895eaf7fdaa84e6aa6e66cb81cb43d15"},"headline":"\u0130\u00e7 Anadolu Koordinat\u00f6rl\u00fc\u011f\u00fcne K\u0131r\u0131kkale Milletvekili Ahmet \u00d6nal Getirildi.","datePublished":"2022-04-14T21:27:40+00:00","dateModified":"2022-04-14T21:28:07+00:00","mainEntityOfPage":{"@id":"https:\/\/keskinhaber.com\/index.php\/2022\/04\/14\/ic-anadolu-koordinatorlugune-kirikkale-milletvekili-ahmet-onal-getirildi\/"},"wordCount":305,"publisher":{"@id":"https:\/\/keskinhaber.com\/#organization"},"image":{"@id":"https:\/\/keskinhaber.com\/index.php\/2022\/04\/14\/ic-anadolu-koordinatorlugune-kirikkale-milletvekili-ahmet-onal-getirildi\/#primaryimage"},"thumbnailUrl":"https:\/\/keskinhaber.com\/wp-content\/uploads\/2022\/04\/ahmet_onal_chp_kirikkale_.jpg","articleSection":["Siyaset"],"inLanguage":"tr"},{"@type":"WebPage","@id":"https:\/\/keskinhaber.com\/index.php\/2022\/04\/14\/ic-anadolu-koordinatorlugune-kirikkale-milletvekili-ahmet-onal-getirildi\/","url":"https:\/\/keskinhaber.com\/index.php\/2022\/04\/14\/ic-anadolu-koordinatorlugune-kirikkale-milletvekili-ahmet-onal-getirildi\/","name":"keskin, haber","isPartOf":{"@id":"https:\/\/keskinhaber.com\/#website"},"primaryImageOfPage":{"@id":"https:\/\/keskinhaber.com\/index.php\/2022\/04\/14\/ic-anadolu-koordinatorlugune-kirikkale-milletvekili-ahmet-onal-getirildi\/#primaryimage"},"image":{"@id":"https:\/\/keskinhaber.com\/index.php\/2022\/04\/14\/ic-anadolu-koordinatorlugune-kirikkale-milletvekili-ahmet-onal-getirildi\/#primaryimage"},"thumbnailUrl":"https:\/\/keskinhaber.com\/wp-content\/uploads\/2022\/04\/ahmet_onal_chp_kirikkale_.jpg","datePublished":"2022-04-14T21:27:40+00:00","dateModified":"2022-04-14T21:28:07+00:00","description":"Keskin-Haberleri,K\u0131r\u0131kkale-Haber,Keskin_Belediyesi,K\u0131r\u0131kkale-Gezilecek-Yerler,K\u0131r\u0131kkale-G\u00fcndem","breadcrumb":{"@id":"https:\/\/keskinhaber.com\/index.php\/2022\/04\/14\/ic-anadolu-koordinatorlugune-kirikkale-milletvekili-ahmet-onal-getirildi\/#breadcrumb"},"inLanguage":"tr","potentialAction":[{"@type":"ReadAction","target":["https:\/\/keskinhaber.com\/index.php\/2022\/04\/14\/ic-anadolu-koordinatorlugune-kirikkale-milletvekili-ahmet-onal-getirildi\/"]}]},{"@type":"ImageObject","inLanguage":"tr","@id":"https:\/\/keskinhaber.com\/index.php\/2022\/04\/14\/ic-anadolu-koordinatorlugune-kirikkale-milletvekili-ahmet-onal-getirildi\/#primaryimage","url":"https:\/\/keskinhaber.com\/wp-content\/uploads\/2022\/04\/ahmet_onal_chp_kirikkale_.jpg","contentUrl":"https:\/\/keskinhaber.com\/wp-content\/uploads\/2022\/04\/ahmet_onal_chp_kirikkale_.jpg","width":865,"height":599},{"@type":"BreadcrumbList","@id":"https:\/\/keskinhaber.com\/index.php\/2022\/04\/14\/ic-anadolu-koordinatorlugune-kirikkale-milletvekili-ahmet-onal-getirildi\/#breadcrumb","itemListElement":[{"@type":"ListItem","position":1,"name":"Home","item":"https:\/\/keskinhaber.com\/"},{"@type":"ListItem","position":2,"name":"\u0130\u00e7 Anadolu Koordinat\u00f6rl\u00fc\u011f\u00fcne K\u0131r\u0131kkale Milletvekili Ahmet \u00d6nal Getirildi."}]},{"@type":"WebSite","@id":"https:\/\/keskinhaber.com\/#website","url":"https:\/\/keskinhaber.com\/","name":"Keskin Haber","description":"Tarafs\u0131z Haberin Merkezi","publisher":{"@id":"https:\/\/keskinhaber.com\/#organization"},"alternateName":"keskinhaber","potentialAction":[{"@type":"SearchAction","target":{"@type":"EntryPoint","urlTemplate":"https:\/\/keskinhaber.com\/?s={search_term_string}"},"query-input":{"@type":"PropertyValueSpecification","valueRequired":true,"valueName":"search_term_string"}}],"inLanguage":"tr"},{"@type":"Organization","@id":"https:\/\/keskinhaber.com\/#organization","name":"Keskin Haber-Tarafs\u0131z Haberin Merkezi","alternateName":"keskinhaber","url":"https:\/\/keskinhaber.com\/","logo":{"@type":"ImageObject","inLanguage":"tr","@id":"https:\/\/keskinhaber.com\/#\/schema\/logo\/image\/","url":"https:\/\/keskinhaber.com\/wp-content\/uploads\/2020\/12\/keskin-haber-logo.png","contentUrl":"https:\/\/keskinhaber.com\/wp-content\/uploads\/2020\/12\/keskin-haber-logo.png","width":229,"height":40,"caption":"Keskin Haber-Tarafs\u0131z Haberin Merkezi"},"image":{"@id":"https:\/\/keskinhaber.com\/#\/schema\/logo\/image\/"},"sameAs":["https:\/\/www.facebook.com\/KeskinFM","https:\/\/x.com\/keskinhaber"]},{"@type":"Person","@id":"https:\/\/keskinhaber.com\/#\/schema\/person\/895eaf7fdaa84e6aa6e66cb81cb43d15","name":"admin","image":{"@type":"ImageObject","inLanguage":"tr","@id":"https:\/\/secure.gravatar.com\/avatar\/638399cc6c046cab6b781ba08137f90e3c088d731afee2cc8e755ee107e4ced8?s=96&d=mm&r=g","url":"https:\/\/secure.gravatar.com\/avatar\/638399cc6c046cab6b781ba08137f90e3c088d731afee2cc8e755ee107e4ced8?s=96&d=mm&r=g","contentUrl":"https:\/\/secure.gravatar.com\/avatar\/638399cc6c046cab6b781ba08137f90e3c088d731afee2cc8e755ee107e4ced8?s=96&d=mm&r=g","caption":"admin"},"sameAs":["https:\/\/keskinhaber.com"]}]}},"_links":{"self":[{"href":"https:\/\/keskinhaber.com\/index.php\/wp-json\/wp\/v2\/posts\/1348","targetHints":{"allow":["GET"]}}],"collection":[{"href":"https:\/\/keskinhaber.com\/index.php\/wp-json\/wp\/v2\/posts"}],"about":[{"href":"https:\/\/keskinhaber.com\/index.php\/wp-json\/wp\/v2\/types\/post"}],"author":[{"embeddable":true,"href":"https:\/\/keskinhaber.com\/index.php\/wp-json\/wp\/v2\/users\/1"}],"replies":[{"embeddable":true,"href":"https:\/\/keskinhaber.com\/index.php\/wp-json\/wp\/v2\/comments?post=1348"}],"version-history":[{"count":2,"href":"https:\/\/keskinhaber.com\/index.php\/wp-json\/wp\/v2\/posts\/1348\/revisions"}],"predecessor-version":[{"id":1351,"href":"https:\/\/keskinhaber.com\/index.php\/wp-json\/wp\/v2\/posts\/1348\/revisions\/1351"}],"wp:featuredmedia":[{"embeddable":true,"href":"https:\/\/keskinhaber.com\/index.php\/wp-json\/wp\/v2\/media\/1349"}],"wp:attachment":[{"href":"https:\/\/keskinhaber.com\/index.php\/wp-json\/wp\/v2\/media?parent=1348"}],"wp:term":[{"taxonomy":"category","embeddable":true,"href":"https:\/\/keskinhaber.com\/index.php\/wp-json\/wp\/v2\/categories?post=1348"},{"taxonomy":"post_tag","embeddable":true,"href":"https:\/\/keskinhaber.com\/index.php\/wp-json\/wp\/v2\/tags?post=1348"}],"curies":[{"name":"wp","href":"https:\/\/api.w.org\/{rel}","templated":true}]}}