{"id":1372,"date":"2022-08-07T07:36:23","date_gmt":"2022-08-07T07:36:23","guid":{"rendered":"https:\/\/keskinhaber.com\/?p=1372"},"modified":"2022-09-02T09:50:29","modified_gmt":"2022-09-02T09:50:29","slug":"keskinin-sevilen-imami-veli-yurduseven-hoca-vefat-etti","status":"publish","type":"post","link":"https:\/\/keskinhaber.com\/index.php\/2022\/08\/07\/keskinin-sevilen-imami-veli-yurduseven-hoca-vefat-etti\/","title":{"rendered":"Keskin\u2019in Sevilen \u0130mam\u0131 Veli Yurduseven Hoca Vefat Etti"},"content":{"rendered":"<p>Keskin esnaflar\u0131ndan il\u00e7enin sevilen simalar\u0131ndan emekli \u00e7ar\u015f\u0131 camii imam\u0131 Veli Yurduseven vefat etti. Kendisine Allah\u2019tan rahmet, ailesine ve sevenlerine ba\u015fsa\u011fl\u0131\u011f\u0131 dileriz. Mekan\u0131n cennet olsun Veli hocam.<\/p>\n<p>&nbsp;<\/p>\n","protected":false},"excerpt":{"rendered":"<p>Keskin esnaflar\u0131ndan il\u00e7enin sevilen simalar\u0131ndan emekli \u00e7ar\u015f\u0131 camii imam\u0131 Veli Yurduseven vefat etti. Kendisine Allah\u2019tan rahmet, ailesine ve sevenlerine ba\u015fsa\u011fl\u0131\u011f\u0131 dileriz. Mekan\u0131n cennet olsun Veli hocam. &nbsp;<\/p>\n","protected":false},"author":1,"featured_media":1373,"comment_status":"closed","ping_status":"open","sticky":false,"template":"","format":"standard","meta":{"om_disable_all_campaigns":false,"_monsterinsights_skip_tracking":false,"_monsterinsights_sitenote_active":false,"_monsterinsights_sitenote_note":"","_monsterinsights_sitenote_category":0,"_uf_show_specific_survey":0,"_uf_disable_surveys":false,"footnotes":""},"categories":[148],"tags":[],"class_list":["post-1372","post","type-post","status-publish","format-standard","has-post-thumbnail","hentry","category-yerel"],"aioseo_notices":[],"yoast_head":"<!-- This site is optimized with the Yoast SEO plugin v27.5 - https:\/\/yoast.com\/product\/yoast-seo-wordpress\/ -->\n<title>keskin, haber<\/title>\n<meta name=\"description\" content=\"Keskin-Haberleri,K\u0131r\u0131kkale-Haber,Keskin_Belediyesi,K\u0131r\u0131kkale-Gezilecek-Yerler,K\u0131r\u0131kkale-G\u00fcndem\" \/>\n<meta name=\"robots\" content=\"noindex, nofollow\" \/>\n<meta property=\"og:locale\" content=\"tr_TR\" \/>\n<meta property=\"og:type\" content=\"article\" \/>\n<meta property=\"og:title\" content=\"keskin, haber\" \/>\n<meta property=\"og:description\" content=\"Keskin-Haberleri,K\u0131r\u0131kkale-Haber,Keskin_Belediyesi,K\u0131r\u0131kkale-Gezilecek-Yerler,K\u0131r\u0131kkale-G\u00fcndem\" \/>\n<meta property=\"og:url\" content=\"https:\/\/keskinhaber.com\/index.php\/2022\/08\/07\/keskinin-sevilen-imami-veli-yurduseven-hoca-vefat-etti\/\" \/>\n<meta property=\"og:site_name\" content=\"Keskin Haber\" \/>\n<meta property=\"article:publisher\" content=\"https:\/\/www.facebook.com\/KeskinFM\" \/>\n<meta property=\"article:published_time\" content=\"2022-08-07T07:36:23+00:00\" \/>\n<meta property=\"article:modified_time\" content=\"2022-09-02T09:50:29+00:00\" \/>\n<meta property=\"og:image\" content=\"https:\/\/keskinhaber.com\/wp-content\/uploads\/2022\/08\/veli-hoca-01.jpg\" \/>\n\t<meta property=\"og:image:width\" content=\"1200\" \/>\n\t<meta property=\"og:image:height\" content=\"679\" \/>\n\t<meta property=\"og:image:type\" content=\"image\/jpeg\" \/>\n<meta name=\"author\" content=\"admin\" \/>\n<meta name=\"twitter:card\" content=\"summary_large_image\" \/>\n<meta name=\"twitter:creator\" content=\"@keskinhaber\" \/>\n<meta name=\"twitter:site\" content=\"@keskinhaber\" \/>\n<meta name=\"twitter:label1\" content=\"Yazan:\" \/>\n\t<meta name=\"twitter:data1\" content=\"admin\" \/>\n\t<meta name=\"twitter:label2\" content=\"Tahmini okuma s\u00fcresi\" \/>\n\t<meta name=\"twitter:data2\" content=\"1 dakika\" \/>\n<script type=\"application\/ld+json\" class=\"yoast-schema-graph\">{\"@context\":\"https:\\\/\\\/schema.org\",\"@graph\":[{\"@type\":\"Article\",\"@id\":\"https:\\\/\\\/keskinhaber.com\\\/index.php\\\/2022\\\/08\\\/07\\\/keskinin-sevilen-imami-veli-yurduseven-hoca-vefat-etti\\\/#article\",\"isPartOf\":{\"@id\":\"https:\\\/\\\/keskinhaber.com\\\/index.php\\\/2022\\\/08\\\/07\\\/keskinin-sevilen-imami-veli-yurduseven-hoca-vefat-etti\\\/\"},\"author\":{\"name\":\"admin\",\"@id\":\"https:\\\/\\\/keskinhaber.com\\\/#\\\/schema\\\/person\\\/895eaf7fdaa84e6aa6e66cb81cb43d15\"},\"headline\":\"Keskin\u2019in Sevilen \u0130mam\u0131 Veli Yurduseven Hoca Vefat Etti\",\"datePublished\":\"2022-08-07T07:36:23+00:00\",\"dateModified\":\"2022-09-02T09:50:29+00:00\",\"mainEntityOfPage\":{\"@id\":\"https:\\\/\\\/keskinhaber.com\\\/index.php\\\/2022\\\/08\\\/07\\\/keskinin-sevilen-imami-veli-yurduseven-hoca-vefat-etti\\\/\"},\"wordCount\":43,\"publisher\":{\"@id\":\"https:\\\/\\\/keskinhaber.com\\\/#organization\"},\"image\":{\"@id\":\"https:\\\/\\\/keskinhaber.com\\\/index.php\\\/2022\\\/08\\\/07\\\/keskinin-sevilen-imami-veli-yurduseven-hoca-vefat-etti\\\/#primaryimage\"},\"thumbnailUrl\":\"https:\\\/\\\/keskinhaber.com\\\/wp-content\\\/uploads\\\/2022\\\/08\\\/veli-hoca-01.jpg\",\"articleSection\":[\"Yerel\"],\"inLanguage\":\"tr\"},{\"@type\":\"WebPage\",\"@id\":\"https:\\\/\\\/keskinhaber.com\\\/index.php\\\/2022\\\/08\\\/07\\\/keskinin-sevilen-imami-veli-yurduseven-hoca-vefat-etti\\\/\",\"url\":\"https:\\\/\\\/keskinhaber.com\\\/index.php\\\/2022\\\/08\\\/07\\\/keskinin-sevilen-imami-veli-yurduseven-hoca-vefat-etti\\\/\",\"name\":\"keskin, haber\",\"isPartOf\":{\"@id\":\"https:\\\/\\\/keskinhaber.com\\\/#website\"},\"primaryImageOfPage\":{\"@id\":\"https:\\\/\\\/keskinhaber.com\\\/index.php\\\/2022\\\/08\\\/07\\\/keskinin-sevilen-imami-veli-yurduseven-hoca-vefat-etti\\\/#primaryimage\"},\"image\":{\"@id\":\"https:\\\/\\\/keskinhaber.com\\\/index.php\\\/2022\\\/08\\\/07\\\/keskinin-sevilen-imami-veli-yurduseven-hoca-vefat-etti\\\/#primaryimage\"},\"thumbnailUrl\":\"https:\\\/\\\/keskinhaber.com\\\/wp-content\\\/uploads\\\/2022\\\/08\\\/veli-hoca-01.jpg\",\"datePublished\":\"2022-08-07T07:36:23+00:00\",\"dateModified\":\"2022-09-02T09:50:29+00:00\",\"description\":\"Keskin-Haberleri,K\u0131r\u0131kkale-Haber,Keskin_Belediyesi,K\u0131r\u0131kkale-Gezilecek-Yerler,K\u0131r\u0131kkale-G\u00fcndem\",\"breadcrumb\":{\"@id\":\"https:\\\/\\\/keskinhaber.com\\\/index.php\\\/2022\\\/08\\\/07\\\/keskinin-sevilen-imami-veli-yurduseven-hoca-vefat-etti\\\/#breadcrumb\"},\"inLanguage\":\"tr\",\"potentialAction\":[{\"@type\":\"ReadAction\",\"target\":[\"https:\\\/\\\/keskinhaber.com\\\/index.php\\\/2022\\\/08\\\/07\\\/keskinin-sevilen-imami-veli-yurduseven-hoca-vefat-etti\\\/\"]}]},{\"@type\":\"ImageObject\",\"inLanguage\":\"tr\",\"@id\":\"https:\\\/\\\/keskinhaber.com\\\/index.php\\\/2022\\\/08\\\/07\\\/keskinin-sevilen-imami-veli-yurduseven-hoca-vefat-etti\\\/#primaryimage\",\"url\":\"https:\\\/\\\/keskinhaber.com\\\/wp-content\\\/uploads\\\/2022\\\/08\\\/veli-hoca-01.jpg\",\"contentUrl\":\"https:\\\/\\\/keskinhaber.com\\\/wp-content\\\/uploads\\\/2022\\\/08\\\/veli-hoca-01.jpg\",\"width\":1200,\"height\":679},{\"@type\":\"BreadcrumbList\",\"@id\":\"https:\\\/\\\/keskinhaber.com\\\/index.php\\\/2022\\\/08\\\/07\\\/keskinin-sevilen-imami-veli-yurduseven-hoca-vefat-etti\\\/#breadcrumb\",\"itemListElement\":[{\"@type\":\"ListItem\",\"position\":1,\"name\":\"Home\",\"item\":\"https:\\\/\\\/keskinhaber.com\\\/\"},{\"@type\":\"ListItem\",\"position\":2,\"name\":\"Keskin\u2019in Sevilen \u0130mam\u0131 Veli Yurduseven Hoca Vefat Etti\"}]},{\"@type\":\"WebSite\",\"@id\":\"https:\\\/\\\/keskinhaber.com\\\/#website\",\"url\":\"https:\\\/\\\/keskinhaber.com\\\/\",\"name\":\"Keskin Haber\",\"description\":\"Tarafs\u0131z Haberin Merkezi\",\"publisher\":{\"@id\":\"https:\\\/\\\/keskinhaber.com\\\/#organization\"},\"alternateName\":\"keskinhaber\",\"potentialAction\":[{\"@type\":\"SearchAction\",\"target\":{\"@type\":\"EntryPoint\",\"urlTemplate\":\"https:\\\/\\\/keskinhaber.com\\\/?s={search_term_string}\"},\"query-input\":{\"@type\":\"PropertyValueSpecification\",\"valueRequired\":true,\"valueName\":\"search_term_string\"}}],\"inLanguage\":\"tr\"},{\"@type\":\"Organization\",\"@id\":\"https:\\\/\\\/keskinhaber.com\\\/#organization\",\"name\":\"Keskin Haber-Tarafs\u0131z Haberin Merkezi\",\"alternateName\":\"keskinhaber\",\"url\":\"https:\\\/\\\/keskinhaber.com\\\/\",\"logo\":{\"@type\":\"ImageObject\",\"inLanguage\":\"tr\",\"@id\":\"https:\\\/\\\/keskinhaber.com\\\/#\\\/schema\\\/logo\\\/image\\\/\",\"url\":\"https:\\\/\\\/keskinhaber.com\\\/wp-content\\\/uploads\\\/2020\\\/12\\\/keskin-haber-logo.png\",\"contentUrl\":\"https:\\\/\\\/keskinhaber.com\\\/wp-content\\\/uploads\\\/2020\\\/12\\\/keskin-haber-logo.png\",\"width\":229,\"height\":40,\"caption\":\"Keskin Haber-Tarafs\u0131z Haberin Merkezi\"},\"image\":{\"@id\":\"https:\\\/\\\/keskinhaber.com\\\/#\\\/schema\\\/logo\\\/image\\\/\"},\"sameAs\":[\"https:\\\/\\\/www.facebook.com\\\/KeskinFM\",\"https:\\\/\\\/x.com\\\/keskinhaber\"]},{\"@type\":\"Person\",\"@id\":\"https:\\\/\\\/keskinhaber.com\\\/#\\\/schema\\\/person\\\/895eaf7fdaa84e6aa6e66cb81cb43d15\",\"name\":\"admin\",\"image\":{\"@type\":\"ImageObject\",\"inLanguage\":\"tr\",\"@id\":\"https:\\\/\\\/secure.gravatar.com\\\/avatar\\\/638399cc6c046cab6b781ba08137f90e3c088d731afee2cc8e755ee107e4ced8?s=96&d=mm&r=g\",\"url\":\"https:\\\/\\\/secure.gravatar.com\\\/avatar\\\/638399cc6c046cab6b781ba08137f90e3c088d731afee2cc8e755ee107e4ced8?s=96&d=mm&r=g\",\"contentUrl\":\"https:\\\/\\\/secure.gravatar.com\\\/avatar\\\/638399cc6c046cab6b781ba08137f90e3c088d731afee2cc8e755ee107e4ced8?s=96&d=mm&r=g\",\"caption\":\"admin\"},\"sameAs\":[\"https:\\\/\\\/keskinhaber.com\"]}]}<\/script>\n<!-- \/ Yoast SEO plugin. -->","yoast_head_json":{"title":"keskin, haber","description":"Keskin-Haberleri,K\u0131r\u0131kkale-Haber,Keskin_Belediyesi,K\u0131r\u0131kkale-Gezilecek-Yerler,K\u0131r\u0131kkale-G\u00fcndem","robots":{"index":"noindex","follow":"nofollow"},"og_locale":"tr_TR","og_type":"article","og_title":"keskin, haber","og_description":"Keskin-Haberleri,K\u0131r\u0131kkale-Haber,Keskin_Belediyesi,K\u0131r\u0131kkale-Gezilecek-Yerler,K\u0131r\u0131kkale-G\u00fcndem","og_url":"https:\/\/keskinhaber.com\/index.php\/2022\/08\/07\/keskinin-sevilen-imami-veli-yurduseven-hoca-vefat-etti\/","og_site_name":"Keskin Haber","article_publisher":"https:\/\/www.facebook.com\/KeskinFM","article_published_time":"2022-08-07T07:36:23+00:00","article_modified_time":"2022-09-02T09:50:29+00:00","og_image":[{"width":1200,"height":679,"url":"https:\/\/keskinhaber.com\/wp-content\/uploads\/2022\/08\/veli-hoca-01.jpg","type":"image\/jpeg"}],"author":"admin","twitter_card":"summary_large_image","twitter_creator":"@keskinhaber","twitter_site":"@keskinhaber","twitter_misc":{"Yazan:":"admin","Tahmini okuma s\u00fcresi":"1 dakika"},"schema":{"@context":"https:\/\/schema.org","@graph":[{"@type":"Article","@id":"https:\/\/keskinhaber.com\/index.php\/2022\/08\/07\/keskinin-sevilen-imami-veli-yurduseven-hoca-vefat-etti\/#article","isPartOf":{"@id":"https:\/\/keskinhaber.com\/index.php\/2022\/08\/07\/keskinin-sevilen-imami-veli-yurduseven-hoca-vefat-etti\/"},"author":{"name":"admin","@id":"https:\/\/keskinhaber.com\/#\/schema\/person\/895eaf7fdaa84e6aa6e66cb81cb43d15"},"headline":"Keskin\u2019in Sevilen \u0130mam\u0131 Veli Yurduseven Hoca Vefat Etti","datePublished":"2022-08-07T07:36:23+00:00","dateModified":"2022-09-02T09:50:29+00:00","mainEntityOfPage":{"@id":"https:\/\/keskinhaber.com\/index.php\/2022\/08\/07\/keskinin-sevilen-imami-veli-yurduseven-hoca-vefat-etti\/"},"wordCount":43,"publisher":{"@id":"https:\/\/keskinhaber.com\/#organization"},"image":{"@id":"https:\/\/keskinhaber.com\/index.php\/2022\/08\/07\/keskinin-sevilen-imami-veli-yurduseven-hoca-vefat-etti\/#primaryimage"},"thumbnailUrl":"https:\/\/keskinhaber.com\/wp-content\/uploads\/2022\/08\/veli-hoca-01.jpg","articleSection":["Yerel"],"inLanguage":"tr"},{"@type":"WebPage","@id":"https:\/\/keskinhaber.com\/index.php\/2022\/08\/07\/keskinin-sevilen-imami-veli-yurduseven-hoca-vefat-etti\/","url":"https:\/\/keskinhaber.com\/index.php\/2022\/08\/07\/keskinin-sevilen-imami-veli-yurduseven-hoca-vefat-etti\/","name":"keskin, haber","isPartOf":{"@id":"https:\/\/keskinhaber.com\/#website"},"primaryImageOfPage":{"@id":"https:\/\/keskinhaber.com\/index.php\/2022\/08\/07\/keskinin-sevilen-imami-veli-yurduseven-hoca-vefat-etti\/#primaryimage"},"image":{"@id":"https:\/\/keskinhaber.com\/index.php\/2022\/08\/07\/keskinin-sevilen-imami-veli-yurduseven-hoca-vefat-etti\/#primaryimage"},"thumbnailUrl":"https:\/\/keskinhaber.com\/wp-content\/uploads\/2022\/08\/veli-hoca-01.jpg","datePublished":"2022-08-07T07:36:23+00:00","dateModified":"2022-09-02T09:50:29+00:00","description":"Keskin-Haberleri,K\u0131r\u0131kkale-Haber,Keskin_Belediyesi,K\u0131r\u0131kkale-Gezilecek-Yerler,K\u0131r\u0131kkale-G\u00fcndem","breadcrumb":{"@id":"https:\/\/keskinhaber.com\/index.php\/2022\/08\/07\/keskinin-sevilen-imami-veli-yurduseven-hoca-vefat-etti\/#breadcrumb"},"inLanguage":"tr","potentialAction":[{"@type":"ReadAction","target":["https:\/\/keskinhaber.com\/index.php\/2022\/08\/07\/keskinin-sevilen-imami-veli-yurduseven-hoca-vefat-etti\/"]}]},{"@type":"ImageObject","inLanguage":"tr","@id":"https:\/\/keskinhaber.com\/index.php\/2022\/08\/07\/keskinin-sevilen-imami-veli-yurduseven-hoca-vefat-etti\/#primaryimage","url":"https:\/\/keskinhaber.com\/wp-content\/uploads\/2022\/08\/veli-hoca-01.jpg","contentUrl":"https:\/\/keskinhaber.com\/wp-content\/uploads\/2022\/08\/veli-hoca-01.jpg","width":1200,"height":679},{"@type":"BreadcrumbList","@id":"https:\/\/keskinhaber.com\/index.php\/2022\/08\/07\/keskinin-sevilen-imami-veli-yurduseven-hoca-vefat-etti\/#breadcrumb","itemListElement":[{"@type":"ListItem","position":1,"name":"Home","item":"https:\/\/keskinhaber.com\/"},{"@type":"ListItem","position":2,"name":"Keskin\u2019in Sevilen \u0130mam\u0131 Veli Yurduseven Hoca Vefat Etti"}]},{"@type":"WebSite","@id":"https:\/\/keskinhaber.com\/#website","url":"https:\/\/keskinhaber.com\/","name":"Keskin Haber","description":"Tarafs\u0131z Haberin Merkezi","publisher":{"@id":"https:\/\/keskinhaber.com\/#organization"},"alternateName":"keskinhaber","potentialAction":[{"@type":"SearchAction","target":{"@type":"EntryPoint","urlTemplate":"https:\/\/keskinhaber.com\/?s={search_term_string}"},"query-input":{"@type":"PropertyValueSpecification","valueRequired":true,"valueName":"search_term_string"}}],"inLanguage":"tr"},{"@type":"Organization","@id":"https:\/\/keskinhaber.com\/#organization","name":"Keskin Haber-Tarafs\u0131z Haberin Merkezi","alternateName":"keskinhaber","url":"https:\/\/keskinhaber.com\/","logo":{"@type":"ImageObject","inLanguage":"tr","@id":"https:\/\/keskinhaber.com\/#\/schema\/logo\/image\/","url":"https:\/\/keskinhaber.com\/wp-content\/uploads\/2020\/12\/keskin-haber-logo.png","contentUrl":"https:\/\/keskinhaber.com\/wp-content\/uploads\/2020\/12\/keskin-haber-logo.png","width":229,"height":40,"caption":"Keskin Haber-Tarafs\u0131z Haberin Merkezi"},"image":{"@id":"https:\/\/keskinhaber.com\/#\/schema\/logo\/image\/"},"sameAs":["https:\/\/www.facebook.com\/KeskinFM","https:\/\/x.com\/keskinhaber"]},{"@type":"Person","@id":"https:\/\/keskinhaber.com\/#\/schema\/person\/895eaf7fdaa84e6aa6e66cb81cb43d15","name":"admin","image":{"@type":"ImageObject","inLanguage":"tr","@id":"https:\/\/secure.gravatar.com\/avatar\/638399cc6c046cab6b781ba08137f90e3c088d731afee2cc8e755ee107e4ced8?s=96&d=mm&r=g","url":"https:\/\/secure.gravatar.com\/avatar\/638399cc6c046cab6b781ba08137f90e3c088d731afee2cc8e755ee107e4ced8?s=96&d=mm&r=g","contentUrl":"https:\/\/secure.gravatar.com\/avatar\/638399cc6c046cab6b781ba08137f90e3c088d731afee2cc8e755ee107e4ced8?s=96&d=mm&r=g","caption":"admin"},"sameAs":["https:\/\/keskinhaber.com"]}]}},"_links":{"self":[{"href":"https:\/\/keskinhaber.com\/index.php\/wp-json\/wp\/v2\/posts\/1372","targetHints":{"allow":["GET"]}}],"collection":[{"href":"https:\/\/keskinhaber.com\/index.php\/wp-json\/wp\/v2\/posts"}],"about":[{"href":"https:\/\/keskinhaber.com\/index.php\/wp-json\/wp\/v2\/types\/post"}],"author":[{"embeddable":true,"href":"https:\/\/keskinhaber.com\/index.php\/wp-json\/wp\/v2\/users\/1"}],"replies":[{"embeddable":true,"href":"https:\/\/keskinhaber.com\/index.php\/wp-json\/wp\/v2\/comments?post=1372"}],"version-history":[{"count":1,"href":"https:\/\/keskinhaber.com\/index.php\/wp-json\/wp\/v2\/posts\/1372\/revisions"}],"predecessor-version":[{"id":1374,"href":"https:\/\/keskinhaber.com\/index.php\/wp-json\/wp\/v2\/posts\/1372\/revisions\/1374"}],"wp:featuredmedia":[{"embeddable":true,"href":"https:\/\/keskinhaber.com\/index.php\/wp-json\/wp\/v2\/media\/1373"}],"wp:attachment":[{"href":"https:\/\/keskinhaber.com\/index.php\/wp-json\/wp\/v2\/media?parent=1372"}],"wp:term":[{"taxonomy":"category","embeddable":true,"href":"https:\/\/keskinhaber.com\/index.php\/wp-json\/wp\/v2\/categories?post=1372"},{"taxonomy":"post_tag","embeddable":true,"href":"https:\/\/keskinhaber.com\/index.php\/wp-json\/wp\/v2\/tags?post=1372"}],"curies":[{"name":"wp","href":"https:\/\/api.w.org\/{rel}","templated":true}]}}