{"id":1577,"date":"2023-01-16T19:17:55","date_gmt":"2023-01-16T19:17:55","guid":{"rendered":"https:\/\/keskinhaber.com\/?p=1577"},"modified":"2023-01-16T19:17:55","modified_gmt":"2023-01-16T19:17:55","slug":"yahsihan-belediyesinden-ogrencilere-sinav-haftasi-ikrami","status":"publish","type":"post","link":"https:\/\/keskinhaber.com\/index.php\/2023\/01\/16\/yahsihan-belediyesinden-ogrencilere-sinav-haftasi-ikrami\/","title":{"rendered":"Yah\u015fihan Belediyesinden \u00d6\u011frencilere S\u0131nav Haftas\u0131 \u0130kram\u0131."},"content":{"rendered":"<p><span data-contrast=\"auto\">YAH\u015e\u0130HAN BELED\u0130YES\u0130NDEN \u00d6\u011eRENC\u0130LERE SINAV HAFTASI \u0130KRAMI<\/span><span data-ccp-props=\"{&quot;201341983&quot;:0,&quot;335551550&quot;:6,&quot;335551620&quot;:6,&quot;335559739&quot;:160,&quot;335559740&quot;:259}\">\u00a0<\/span><\/p>\n<p><span data-contrast=\"auto\">Yah\u015fihan Belediyesi, K\u0131r\u0131kkale \u00dcniversitesi \u00f6\u011frencilerine ge\u00e7ti\u011fimiz aylarda yapt\u0131\u011f\u0131 ikramlara s\u0131nav d\u00f6neminde yemek da\u011f\u0131tarak devam ediyor.<\/span><span data-ccp-props=\"{&quot;201341983&quot;:0,&quot;335551550&quot;:6,&quot;335551620&quot;:6,&quot;335559739&quot;:160,&quot;335559740&quot;:259}\">\u00a0<\/span><\/p>\n<p><span data-ccp-props=\"{&quot;201341983&quot;:0,&quot;335551550&quot;:6,&quot;335551620&quot;:6,&quot;335559739&quot;:160,&quot;335559740&quot;:259}\">\u00a0<\/span><\/p>\n<p><span data-contrast=\"auto\">DESTEKLER\u0130N\u0130 S\u00dcRD\u00dcR\u00dcYOR<\/span><span data-ccp-props=\"{&quot;201341983&quot;:0,&quot;335551550&quot;:6,&quot;335551620&quot;:6,&quot;335559739&quot;:160,&quot;335559740&quot;:259}\">\u00a0<\/span><\/p>\n<p><span data-contrast=\"auto\">Yah\u015fihan Belediyesi, K\u0131r\u0131kkale \u00dcniversitesi \u00f6\u011frencilerine ge\u00e7ti\u011fimiz aylarda yapt\u0131\u011f\u0131 ikramlara s\u0131nav d\u00f6neminde yemek da\u011f\u0131tarak devam ediyor. Yah\u015fihan Belediyesi ve M\u00fcge Anl\u0131 Mobil A\u015fevini filosuna katt\u0131ktan sonra K\u0131r\u0131kkale \u00dcniversitesi\u2019ne e\u011fitim g\u00f6rmeye gelen toplamda 40 bine yak\u0131n \u00f6\u011frenciye ev sahipli\u011fi yapman\u0131n yan\u0131 s\u0131ra her alanda deste\u011fini s\u00fcrd\u00fcren Yah\u015fihan Belediyesi, ge\u00e7ti\u011fimiz aylarda \u00f6\u011frencilere simit ve s\u0131cak \u00e7orba ikram\u0131nda bulunmu\u015ftu. Vatanda\u015f\u0131n her an\u0131nda yan\u0131nda olmay\u0131 kendine g\u00f6rev edinmi\u015f Yah\u015fihan Belediyesi, hizmetin devaml\u0131l\u0131\u011f\u0131n\u0131 sa\u011flamak ad\u0131na final s\u0131nav\u0131 d\u00f6neminde belediye yemekhanesinde yap\u0131lan yemekleri K\u0131r\u0131kkale \u00dcniversitesi \u00f6\u011frencilerine da\u011f\u0131t\u0131larak desteklerini s\u00fcrd\u00fcr\u00fcyor.<\/span><span data-ccp-props=\"{&quot;201341983&quot;:0,&quot;335551550&quot;:6,&quot;335551620&quot;:6,&quot;335559739&quot;:160,&quot;335559740&quot;:259}\">\u00a0<\/span><\/p>\n<p><span data-ccp-props=\"{&quot;201341983&quot;:0,&quot;335551550&quot;:6,&quot;335551620&quot;:6,&quot;335559739&quot;:160,&quot;335559740&quot;:259}\">\u00a0<\/span><\/p>\n<p><span data-contrast=\"auto\">\u201cGE\u00c7M\u0130\u015eTE DE YANLARINDAYDIK GELECEKTE DE HER ZAMAN YANLARINDAYIZ\u201d<\/span><span data-ccp-props=\"{&quot;201341983&quot;:0,&quot;335551550&quot;:6,&quot;335551620&quot;:6,&quot;335559739&quot;:160,&quot;335559740&quot;:259}\">\u00a0<\/span><\/p>\n<p><span data-contrast=\"auto\">Daha \u00f6nce de so\u011fuk havalarda K\u0131r\u0131kkale \u00dcniversitesi giri\u015f kap\u0131s\u0131nda \u00f6\u011frencilere, T\u0131p Fak\u00fcltesi kap\u0131s\u0131nda hasta ve hasta yak\u0131nlar\u0131na, \u00fcniversite kay\u0131tlar\u0131 s\u0131ras\u0131nda yurt m\u00fcd\u00fcrl\u00fckleri \u00f6n\u00fcnde vatanda\u015flara s\u0131cak \u00e7orba da\u011f\u0131t\u0131m\u0131 yapm\u0131\u015f ve b\u00fcy\u00fck ilgi g\u00f6rm\u00fc\u015ft\u00fc. \u015eimdi de final s\u0131nav\u0131na giden \u00f6\u011frencilere yemek da\u011f\u0131t\u0131m\u0131 yap\u0131yor. \u00d6\u011frencilerle yapt\u0131\u011f\u0131 g\u00f6r\u00fc\u015fmelerinde olumlu tepkilerle kar\u015f\u0131la\u015ft\u0131\u011f\u0131n\u0131 dile getiren Yah\u015fihan Belediye Ba\u015fkan\u0131 Osman T\u00fcrky\u0131lmaz konu\u015fmas\u0131nda: \u201c\u00d6\u011frencilerimizin d\u00fcn de yan\u0131ndayd\u0131k bug\u00fcn de yan\u0131nday\u0131z gelecekte de yan\u0131nda olmaya devam edece\u011fiz. S\u0131nav haftalar\u0131nda motivasyonun \u00f6nemini bildi\u011fimiz i\u00e7in b\u00f6yle bir hizmet yapmak zorundayd\u0131k. \u00d6\u011frencilerimiz bizim gelece\u011fimiz, ak\u0131llar\u0131 sadece derslerinde olsun istiyoruz zaten kendilerinden de bu hizmetimizle ilgili olumlu tepkiler al\u0131yoruz. Onlar\u0131n mutlulu\u011fu gelece\u011fimizin mutlulu\u011fu demektir. Hepsine final s\u0131navlar\u0131nda ba\u015far\u0131lar diliyorum.\u201d Dedi.<\/span><span data-ccp-props=\"{&quot;201341983&quot;:0,&quot;335551550&quot;:6,&quot;335551620&quot;:6,&quot;335559739&quot;:160,&quot;335559740&quot;:259}\">\u00a0<\/span><\/p>\n<p><span data-ccp-props=\"{&quot;201341983&quot;:0,&quot;335551550&quot;:6,&quot;335551620&quot;:6,&quot;335559739&quot;:160,&quot;335559740&quot;:259}\">\u00a0<\/span><\/p>\n<p><span data-contrast=\"auto\">\u201cDESTEKLER\u0130N\u0130 ES\u0130RGEM\u0130YOR\u201d<\/span><span data-ccp-props=\"{&quot;201341983&quot;:0,&quot;335551550&quot;:6,&quot;335551620&quot;:6,&quot;335559739&quot;:160,&quot;335559740&quot;:259}\">\u00a0<\/span><\/p>\n<p><span data-contrast=\"auto\">Ba\u015fkan T\u00fcrky\u0131lmaz\u2019\u0131n her zaman yan\u0131nda olduklar\u0131n\u0131 dile getiren K\u0131r\u0131kkale \u00dcniversitesi \u00f6\u011frencileri, hizmetlerinin her zaman kendilerini mutlu etti\u011fini \u00f6zellikle s\u0131nav haftalar\u0131nda \u00e7orba, simit ve yemek ikramlar\u0131yla Yah\u015fihan Belediye Ba\u015fkan\u0131 Osman T\u00fcrky\u0131lmaz\u2019\u0131n desteklerini hi\u00e7bir zaman kendilerinden esirgemedi\u011finin mutlulu\u011funu ya\u015fad\u0131klar\u0131n\u0131 belirtti.<\/span><span data-ccp-props=\"{&quot;201341983&quot;:0,&quot;335551550&quot;:6,&quot;335551620&quot;:6,&quot;335559739&quot;:160,&quot;335559740&quot;:259}\">\u00a0<\/span><\/p>\n","protected":false},"excerpt":{"rendered":"<p>YAH\u015e\u0130HAN BELED\u0130YES\u0130NDEN \u00d6\u011eRENC\u0130LERE SINAV HAFTASI \u0130KRAMI\u00a0 Yah\u015fihan Belediyesi, K\u0131r\u0131kkale \u00dcniversitesi \u00f6\u011frencilerine ge\u00e7ti\u011fimiz aylarda yapt\u0131\u011f\u0131 ikramlara s\u0131nav d\u00f6neminde yemek da\u011f\u0131tarak devam ediyor.\u00a0 \u00a0 DESTEKLER\u0130N\u0130 S\u00dcRD\u00dcR\u00dcYOR\u00a0 Yah\u015fihan Belediyesi, K\u0131r\u0131kkale \u00dcniversitesi \u00f6\u011frencilerine ge\u00e7ti\u011fimiz aylarda yapt\u0131\u011f\u0131 ikramlara s\u0131nav d\u00f6neminde yemek da\u011f\u0131tarak devam ediyor. Yah\u015fihan Belediyesi ve M\u00fcge Anl\u0131 Mobil A\u015fevini filosuna katt\u0131ktan sonra K\u0131r\u0131kkale \u00dcniversitesi\u2019ne e\u011fitim g\u00f6rmeye gelen toplamda [&hellip;]<\/p>\n","protected":false},"author":1,"featured_media":1578,"comment_status":"closed","ping_status":"open","sticky":false,"template":"","format":"standard","meta":{"om_disable_all_campaigns":false,"_monsterinsights_skip_tracking":false,"_monsterinsights_sitenote_active":false,"_monsterinsights_sitenote_note":"","_monsterinsights_sitenote_category":0,"_uf_show_specific_survey":0,"_uf_disable_surveys":false,"footnotes":""},"categories":[39],"tags":[],"class_list":["post-1577","post","type-post","status-publish","format-standard","has-post-thumbnail","hentry","category-siyaset"],"aioseo_notices":[],"yoast_head":"<!-- This site is optimized with the Yoast SEO plugin v27.4 - https:\/\/yoast.com\/product\/yoast-seo-wordpress\/ -->\n<title>keskin, haber<\/title>\n<meta name=\"description\" content=\"Keskin-Haberleri,K\u0131r\u0131kkale-Haber,Keskin_Belediyesi,K\u0131r\u0131kkale-Gezilecek-Yerler,K\u0131r\u0131kkale-G\u00fcndem\" \/>\n<meta name=\"robots\" content=\"index, follow, max-snippet:-1, max-image-preview:large, max-video-preview:-1\" \/>\n<link rel=\"canonical\" href=\"https:\/\/keskinhaber.com\/index.php\/2023\/01\/16\/yahsihan-belediyesinden-ogrencilere-sinav-haftasi-ikrami\/\" \/>\n<meta property=\"og:locale\" content=\"tr_TR\" \/>\n<meta property=\"og:type\" content=\"article\" \/>\n<meta property=\"og:title\" content=\"keskin, haber\" \/>\n<meta property=\"og:description\" content=\"Keskin-Haberleri,K\u0131r\u0131kkale-Haber,Keskin_Belediyesi,K\u0131r\u0131kkale-Gezilecek-Yerler,K\u0131r\u0131kkale-G\u00fcndem\" \/>\n<meta property=\"og:url\" content=\"https:\/\/keskinhaber.com\/index.php\/2023\/01\/16\/yahsihan-belediyesinden-ogrencilere-sinav-haftasi-ikrami\/\" \/>\n<meta property=\"og:site_name\" content=\"Keskin Haber\" \/>\n<meta property=\"article:publisher\" content=\"https:\/\/www.facebook.com\/KeskinFM\" \/>\n<meta property=\"article:published_time\" content=\"2023-01-16T19:17:55+00:00\" \/>\n<meta property=\"og:image\" content=\"https:\/\/keskinhaber.com\/wp-content\/uploads\/2023\/01\/YAHSIHAN-BELEDIYESINDEN-OGRENCILERE-SINAV-HAFTASI-IKRAMI-8.jpg\" \/>\n\t<meta property=\"og:image:width\" content=\"1600\" \/>\n\t<meta property=\"og:image:height\" content=\"1200\" \/>\n\t<meta property=\"og:image:type\" content=\"image\/jpeg\" \/>\n<meta name=\"author\" content=\"admin\" \/>\n<meta name=\"twitter:card\" content=\"summary_large_image\" \/>\n<meta name=\"twitter:creator\" content=\"@keskinhaber\" \/>\n<meta name=\"twitter:site\" content=\"@keskinhaber\" \/>\n<meta name=\"twitter:label1\" content=\"Yazan:\" \/>\n\t<meta name=\"twitter:data1\" content=\"admin\" \/>\n\t<meta name=\"twitter:label2\" content=\"Tahmini okuma s\u00fcresi\" \/>\n\t<meta name=\"twitter:data2\" content=\"2 dakika\" \/>\n<script type=\"application\/ld+json\" class=\"yoast-schema-graph\">{\"@context\":\"https:\\\/\\\/schema.org\",\"@graph\":[{\"@type\":\"Article\",\"@id\":\"https:\\\/\\\/keskinhaber.com\\\/index.php\\\/2023\\\/01\\\/16\\\/yahsihan-belediyesinden-ogrencilere-sinav-haftasi-ikrami\\\/#article\",\"isPartOf\":{\"@id\":\"https:\\\/\\\/keskinhaber.com\\\/index.php\\\/2023\\\/01\\\/16\\\/yahsihan-belediyesinden-ogrencilere-sinav-haftasi-ikrami\\\/\"},\"author\":{\"name\":\"admin\",\"@id\":\"https:\\\/\\\/keskinhaber.com\\\/#\\\/schema\\\/person\\\/895eaf7fdaa84e6aa6e66cb81cb43d15\"},\"headline\":\"Yah\u015fihan Belediyesinden \u00d6\u011frencilere S\u0131nav Haftas\u0131 \u0130kram\u0131.\",\"datePublished\":\"2023-01-16T19:17:55+00:00\",\"mainEntityOfPage\":{\"@id\":\"https:\\\/\\\/keskinhaber.com\\\/index.php\\\/2023\\\/01\\\/16\\\/yahsihan-belediyesinden-ogrencilere-sinav-haftasi-ikrami\\\/\"},\"wordCount\":427,\"publisher\":{\"@id\":\"https:\\\/\\\/keskinhaber.com\\\/#organization\"},\"image\":{\"@id\":\"https:\\\/\\\/keskinhaber.com\\\/index.php\\\/2023\\\/01\\\/16\\\/yahsihan-belediyesinden-ogrencilere-sinav-haftasi-ikrami\\\/#primaryimage\"},\"thumbnailUrl\":\"https:\\\/\\\/keskinhaber.com\\\/wp-content\\\/uploads\\\/2023\\\/01\\\/YAHSIHAN-BELEDIYESINDEN-OGRENCILERE-SINAV-HAFTASI-IKRAMI-8.jpg\",\"articleSection\":[\"Siyaset\"],\"inLanguage\":\"tr\"},{\"@type\":\"WebPage\",\"@id\":\"https:\\\/\\\/keskinhaber.com\\\/index.php\\\/2023\\\/01\\\/16\\\/yahsihan-belediyesinden-ogrencilere-sinav-haftasi-ikrami\\\/\",\"url\":\"https:\\\/\\\/keskinhaber.com\\\/index.php\\\/2023\\\/01\\\/16\\\/yahsihan-belediyesinden-ogrencilere-sinav-haftasi-ikrami\\\/\",\"name\":\"keskin, haber\",\"isPartOf\":{\"@id\":\"https:\\\/\\\/keskinhaber.com\\\/#website\"},\"primaryImageOfPage\":{\"@id\":\"https:\\\/\\\/keskinhaber.com\\\/index.php\\\/2023\\\/01\\\/16\\\/yahsihan-belediyesinden-ogrencilere-sinav-haftasi-ikrami\\\/#primaryimage\"},\"image\":{\"@id\":\"https:\\\/\\\/keskinhaber.com\\\/index.php\\\/2023\\\/01\\\/16\\\/yahsihan-belediyesinden-ogrencilere-sinav-haftasi-ikrami\\\/#primaryimage\"},\"thumbnailUrl\":\"https:\\\/\\\/keskinhaber.com\\\/wp-content\\\/uploads\\\/2023\\\/01\\\/YAHSIHAN-BELEDIYESINDEN-OGRENCILERE-SINAV-HAFTASI-IKRAMI-8.jpg\",\"datePublished\":\"2023-01-16T19:17:55+00:00\",\"description\":\"Keskin-Haberleri,K\u0131r\u0131kkale-Haber,Keskin_Belediyesi,K\u0131r\u0131kkale-Gezilecek-Yerler,K\u0131r\u0131kkale-G\u00fcndem\",\"breadcrumb\":{\"@id\":\"https:\\\/\\\/keskinhaber.com\\\/index.php\\\/2023\\\/01\\\/16\\\/yahsihan-belediyesinden-ogrencilere-sinav-haftasi-ikrami\\\/#breadcrumb\"},\"inLanguage\":\"tr\",\"potentialAction\":[{\"@type\":\"ReadAction\",\"target\":[\"https:\\\/\\\/keskinhaber.com\\\/index.php\\\/2023\\\/01\\\/16\\\/yahsihan-belediyesinden-ogrencilere-sinav-haftasi-ikrami\\\/\"]}]},{\"@type\":\"ImageObject\",\"inLanguage\":\"tr\",\"@id\":\"https:\\\/\\\/keskinhaber.com\\\/index.php\\\/2023\\\/01\\\/16\\\/yahsihan-belediyesinden-ogrencilere-sinav-haftasi-ikrami\\\/#primaryimage\",\"url\":\"https:\\\/\\\/keskinhaber.com\\\/wp-content\\\/uploads\\\/2023\\\/01\\\/YAHSIHAN-BELEDIYESINDEN-OGRENCILERE-SINAV-HAFTASI-IKRAMI-8.jpg\",\"contentUrl\":\"https:\\\/\\\/keskinhaber.com\\\/wp-content\\\/uploads\\\/2023\\\/01\\\/YAHSIHAN-BELEDIYESINDEN-OGRENCILERE-SINAV-HAFTASI-IKRAMI-8.jpg\",\"width\":1600,\"height\":1200},{\"@type\":\"BreadcrumbList\",\"@id\":\"https:\\\/\\\/keskinhaber.com\\\/index.php\\\/2023\\\/01\\\/16\\\/yahsihan-belediyesinden-ogrencilere-sinav-haftasi-ikrami\\\/#breadcrumb\",\"itemListElement\":[{\"@type\":\"ListItem\",\"position\":1,\"name\":\"Home\",\"item\":\"https:\\\/\\\/keskinhaber.com\\\/\"},{\"@type\":\"ListItem\",\"position\":2,\"name\":\"Yah\u015fihan Belediyesinden \u00d6\u011frencilere S\u0131nav Haftas\u0131 \u0130kram\u0131.\"}]},{\"@type\":\"WebSite\",\"@id\":\"https:\\\/\\\/keskinhaber.com\\\/#website\",\"url\":\"https:\\\/\\\/keskinhaber.com\\\/\",\"name\":\"Keskin Haber\",\"description\":\"Tarafs\u0131z Haberin Merkezi\",\"publisher\":{\"@id\":\"https:\\\/\\\/keskinhaber.com\\\/#organization\"},\"alternateName\":\"keskinhaber\",\"potentialAction\":[{\"@type\":\"SearchAction\",\"target\":{\"@type\":\"EntryPoint\",\"urlTemplate\":\"https:\\\/\\\/keskinhaber.com\\\/?s={search_term_string}\"},\"query-input\":{\"@type\":\"PropertyValueSpecification\",\"valueRequired\":true,\"valueName\":\"search_term_string\"}}],\"inLanguage\":\"tr\"},{\"@type\":\"Organization\",\"@id\":\"https:\\\/\\\/keskinhaber.com\\\/#organization\",\"name\":\"Keskin Haber-Tarafs\u0131z Haberin Merkezi\",\"alternateName\":\"keskinhaber\",\"url\":\"https:\\\/\\\/keskinhaber.com\\\/\",\"logo\":{\"@type\":\"ImageObject\",\"inLanguage\":\"tr\",\"@id\":\"https:\\\/\\\/keskinhaber.com\\\/#\\\/schema\\\/logo\\\/image\\\/\",\"url\":\"https:\\\/\\\/keskinhaber.com\\\/wp-content\\\/uploads\\\/2020\\\/12\\\/keskin-haber-logo.png\",\"contentUrl\":\"https:\\\/\\\/keskinhaber.com\\\/wp-content\\\/uploads\\\/2020\\\/12\\\/keskin-haber-logo.png\",\"width\":229,\"height\":40,\"caption\":\"Keskin Haber-Tarafs\u0131z Haberin Merkezi\"},\"image\":{\"@id\":\"https:\\\/\\\/keskinhaber.com\\\/#\\\/schema\\\/logo\\\/image\\\/\"},\"sameAs\":[\"https:\\\/\\\/www.facebook.com\\\/KeskinFM\",\"https:\\\/\\\/x.com\\\/keskinhaber\"]},{\"@type\":\"Person\",\"@id\":\"https:\\\/\\\/keskinhaber.com\\\/#\\\/schema\\\/person\\\/895eaf7fdaa84e6aa6e66cb81cb43d15\",\"name\":\"admin\",\"image\":{\"@type\":\"ImageObject\",\"inLanguage\":\"tr\",\"@id\":\"https:\\\/\\\/secure.gravatar.com\\\/avatar\\\/638399cc6c046cab6b781ba08137f90e3c088d731afee2cc8e755ee107e4ced8?s=96&d=mm&r=g\",\"url\":\"https:\\\/\\\/secure.gravatar.com\\\/avatar\\\/638399cc6c046cab6b781ba08137f90e3c088d731afee2cc8e755ee107e4ced8?s=96&d=mm&r=g\",\"contentUrl\":\"https:\\\/\\\/secure.gravatar.com\\\/avatar\\\/638399cc6c046cab6b781ba08137f90e3c088d731afee2cc8e755ee107e4ced8?s=96&d=mm&r=g\",\"caption\":\"admin\"},\"sameAs\":[\"https:\\\/\\\/keskinhaber.com\"]}]}<\/script>\n<!-- \/ Yoast SEO plugin. -->","yoast_head_json":{"title":"keskin, haber","description":"Keskin-Haberleri,K\u0131r\u0131kkale-Haber,Keskin_Belediyesi,K\u0131r\u0131kkale-Gezilecek-Yerler,K\u0131r\u0131kkale-G\u00fcndem","robots":{"index":"index","follow":"follow","max-snippet":"max-snippet:-1","max-image-preview":"max-image-preview:large","max-video-preview":"max-video-preview:-1"},"canonical":"https:\/\/keskinhaber.com\/index.php\/2023\/01\/16\/yahsihan-belediyesinden-ogrencilere-sinav-haftasi-ikrami\/","og_locale":"tr_TR","og_type":"article","og_title":"keskin, haber","og_description":"Keskin-Haberleri,K\u0131r\u0131kkale-Haber,Keskin_Belediyesi,K\u0131r\u0131kkale-Gezilecek-Yerler,K\u0131r\u0131kkale-G\u00fcndem","og_url":"https:\/\/keskinhaber.com\/index.php\/2023\/01\/16\/yahsihan-belediyesinden-ogrencilere-sinav-haftasi-ikrami\/","og_site_name":"Keskin Haber","article_publisher":"https:\/\/www.facebook.com\/KeskinFM","article_published_time":"2023-01-16T19:17:55+00:00","og_image":[{"width":1600,"height":1200,"url":"https:\/\/keskinhaber.com\/wp-content\/uploads\/2023\/01\/YAHSIHAN-BELEDIYESINDEN-OGRENCILERE-SINAV-HAFTASI-IKRAMI-8.jpg","type":"image\/jpeg"}],"author":"admin","twitter_card":"summary_large_image","twitter_creator":"@keskinhaber","twitter_site":"@keskinhaber","twitter_misc":{"Yazan:":"admin","Tahmini okuma s\u00fcresi":"2 dakika"},"schema":{"@context":"https:\/\/schema.org","@graph":[{"@type":"Article","@id":"https:\/\/keskinhaber.com\/index.php\/2023\/01\/16\/yahsihan-belediyesinden-ogrencilere-sinav-haftasi-ikrami\/#article","isPartOf":{"@id":"https:\/\/keskinhaber.com\/index.php\/2023\/01\/16\/yahsihan-belediyesinden-ogrencilere-sinav-haftasi-ikrami\/"},"author":{"name":"admin","@id":"https:\/\/keskinhaber.com\/#\/schema\/person\/895eaf7fdaa84e6aa6e66cb81cb43d15"},"headline":"Yah\u015fihan Belediyesinden \u00d6\u011frencilere S\u0131nav Haftas\u0131 \u0130kram\u0131.","datePublished":"2023-01-16T19:17:55+00:00","mainEntityOfPage":{"@id":"https:\/\/keskinhaber.com\/index.php\/2023\/01\/16\/yahsihan-belediyesinden-ogrencilere-sinav-haftasi-ikrami\/"},"wordCount":427,"publisher":{"@id":"https:\/\/keskinhaber.com\/#organization"},"image":{"@id":"https:\/\/keskinhaber.com\/index.php\/2023\/01\/16\/yahsihan-belediyesinden-ogrencilere-sinav-haftasi-ikrami\/#primaryimage"},"thumbnailUrl":"https:\/\/keskinhaber.com\/wp-content\/uploads\/2023\/01\/YAHSIHAN-BELEDIYESINDEN-OGRENCILERE-SINAV-HAFTASI-IKRAMI-8.jpg","articleSection":["Siyaset"],"inLanguage":"tr"},{"@type":"WebPage","@id":"https:\/\/keskinhaber.com\/index.php\/2023\/01\/16\/yahsihan-belediyesinden-ogrencilere-sinav-haftasi-ikrami\/","url":"https:\/\/keskinhaber.com\/index.php\/2023\/01\/16\/yahsihan-belediyesinden-ogrencilere-sinav-haftasi-ikrami\/","name":"keskin, haber","isPartOf":{"@id":"https:\/\/keskinhaber.com\/#website"},"primaryImageOfPage":{"@id":"https:\/\/keskinhaber.com\/index.php\/2023\/01\/16\/yahsihan-belediyesinden-ogrencilere-sinav-haftasi-ikrami\/#primaryimage"},"image":{"@id":"https:\/\/keskinhaber.com\/index.php\/2023\/01\/16\/yahsihan-belediyesinden-ogrencilere-sinav-haftasi-ikrami\/#primaryimage"},"thumbnailUrl":"https:\/\/keskinhaber.com\/wp-content\/uploads\/2023\/01\/YAHSIHAN-BELEDIYESINDEN-OGRENCILERE-SINAV-HAFTASI-IKRAMI-8.jpg","datePublished":"2023-01-16T19:17:55+00:00","description":"Keskin-Haberleri,K\u0131r\u0131kkale-Haber,Keskin_Belediyesi,K\u0131r\u0131kkale-Gezilecek-Yerler,K\u0131r\u0131kkale-G\u00fcndem","breadcrumb":{"@id":"https:\/\/keskinhaber.com\/index.php\/2023\/01\/16\/yahsihan-belediyesinden-ogrencilere-sinav-haftasi-ikrami\/#breadcrumb"},"inLanguage":"tr","potentialAction":[{"@type":"ReadAction","target":["https:\/\/keskinhaber.com\/index.php\/2023\/01\/16\/yahsihan-belediyesinden-ogrencilere-sinav-haftasi-ikrami\/"]}]},{"@type":"ImageObject","inLanguage":"tr","@id":"https:\/\/keskinhaber.com\/index.php\/2023\/01\/16\/yahsihan-belediyesinden-ogrencilere-sinav-haftasi-ikrami\/#primaryimage","url":"https:\/\/keskinhaber.com\/wp-content\/uploads\/2023\/01\/YAHSIHAN-BELEDIYESINDEN-OGRENCILERE-SINAV-HAFTASI-IKRAMI-8.jpg","contentUrl":"https:\/\/keskinhaber.com\/wp-content\/uploads\/2023\/01\/YAHSIHAN-BELEDIYESINDEN-OGRENCILERE-SINAV-HAFTASI-IKRAMI-8.jpg","width":1600,"height":1200},{"@type":"BreadcrumbList","@id":"https:\/\/keskinhaber.com\/index.php\/2023\/01\/16\/yahsihan-belediyesinden-ogrencilere-sinav-haftasi-ikrami\/#breadcrumb","itemListElement":[{"@type":"ListItem","position":1,"name":"Home","item":"https:\/\/keskinhaber.com\/"},{"@type":"ListItem","position":2,"name":"Yah\u015fihan Belediyesinden \u00d6\u011frencilere S\u0131nav Haftas\u0131 \u0130kram\u0131."}]},{"@type":"WebSite","@id":"https:\/\/keskinhaber.com\/#website","url":"https:\/\/keskinhaber.com\/","name":"Keskin Haber","description":"Tarafs\u0131z Haberin Merkezi","publisher":{"@id":"https:\/\/keskinhaber.com\/#organization"},"alternateName":"keskinhaber","potentialAction":[{"@type":"SearchAction","target":{"@type":"EntryPoint","urlTemplate":"https:\/\/keskinhaber.com\/?s={search_term_string}"},"query-input":{"@type":"PropertyValueSpecification","valueRequired":true,"valueName":"search_term_string"}}],"inLanguage":"tr"},{"@type":"Organization","@id":"https:\/\/keskinhaber.com\/#organization","name":"Keskin Haber-Tarafs\u0131z Haberin Merkezi","alternateName":"keskinhaber","url":"https:\/\/keskinhaber.com\/","logo":{"@type":"ImageObject","inLanguage":"tr","@id":"https:\/\/keskinhaber.com\/#\/schema\/logo\/image\/","url":"https:\/\/keskinhaber.com\/wp-content\/uploads\/2020\/12\/keskin-haber-logo.png","contentUrl":"https:\/\/keskinhaber.com\/wp-content\/uploads\/2020\/12\/keskin-haber-logo.png","width":229,"height":40,"caption":"Keskin Haber-Tarafs\u0131z Haberin Merkezi"},"image":{"@id":"https:\/\/keskinhaber.com\/#\/schema\/logo\/image\/"},"sameAs":["https:\/\/www.facebook.com\/KeskinFM","https:\/\/x.com\/keskinhaber"]},{"@type":"Person","@id":"https:\/\/keskinhaber.com\/#\/schema\/person\/895eaf7fdaa84e6aa6e66cb81cb43d15","name":"admin","image":{"@type":"ImageObject","inLanguage":"tr","@id":"https:\/\/secure.gravatar.com\/avatar\/638399cc6c046cab6b781ba08137f90e3c088d731afee2cc8e755ee107e4ced8?s=96&d=mm&r=g","url":"https:\/\/secure.gravatar.com\/avatar\/638399cc6c046cab6b781ba08137f90e3c088d731afee2cc8e755ee107e4ced8?s=96&d=mm&r=g","contentUrl":"https:\/\/secure.gravatar.com\/avatar\/638399cc6c046cab6b781ba08137f90e3c088d731afee2cc8e755ee107e4ced8?s=96&d=mm&r=g","caption":"admin"},"sameAs":["https:\/\/keskinhaber.com"]}]}},"_links":{"self":[{"href":"https:\/\/keskinhaber.com\/index.php\/wp-json\/wp\/v2\/posts\/1577","targetHints":{"allow":["GET"]}}],"collection":[{"href":"https:\/\/keskinhaber.com\/index.php\/wp-json\/wp\/v2\/posts"}],"about":[{"href":"https:\/\/keskinhaber.com\/index.php\/wp-json\/wp\/v2\/types\/post"}],"author":[{"embeddable":true,"href":"https:\/\/keskinhaber.com\/index.php\/wp-json\/wp\/v2\/users\/1"}],"replies":[{"embeddable":true,"href":"https:\/\/keskinhaber.com\/index.php\/wp-json\/wp\/v2\/comments?post=1577"}],"version-history":[{"count":1,"href":"https:\/\/keskinhaber.com\/index.php\/wp-json\/wp\/v2\/posts\/1577\/revisions"}],"predecessor-version":[{"id":1579,"href":"https:\/\/keskinhaber.com\/index.php\/wp-json\/wp\/v2\/posts\/1577\/revisions\/1579"}],"wp:featuredmedia":[{"embeddable":true,"href":"https:\/\/keskinhaber.com\/index.php\/wp-json\/wp\/v2\/media\/1578"}],"wp:attachment":[{"href":"https:\/\/keskinhaber.com\/index.php\/wp-json\/wp\/v2\/media?parent=1577"}],"wp:term":[{"taxonomy":"category","embeddable":true,"href":"https:\/\/keskinhaber.com\/index.php\/wp-json\/wp\/v2\/categories?post=1577"},{"taxonomy":"post_tag","embeddable":true,"href":"https:\/\/keskinhaber.com\/index.php\/wp-json\/wp\/v2\/tags?post=1577"}],"curies":[{"name":"wp","href":"https:\/\/api.w.org\/{rel}","templated":true}]}}