{"id":2056,"date":"2025-01-24T09:50:24","date_gmt":"2025-01-24T09:50:24","guid":{"rendered":"https:\/\/keskinhaber.com\/?p=2056"},"modified":"2025-01-24T09:50:24","modified_gmt":"2025-01-24T09:50:24","slug":"kirikkalede-ugurlu-sergisi","status":"publish","type":"post","link":"https:\/\/keskinhaber.com\/index.php\/2025\/01\/24\/kirikkalede-ugurlu-sergisi\/","title":{"rendered":"K\u0131r\u0131kkale&#8217;de U\u011fur&#8217;lu Sergisi"},"content":{"rendered":"<p style=\"font-weight: 400;\"><b><strong>K\u0131r\u0131kkale\u2019de &#8216;U\u011fur&#8217;lu Sergisi<\/strong><\/b><\/p>\n<p style=\"font-weight: 400;\">K\u0131r\u0131kkale Belediyesi, u\u011frad\u0131\u011f\u0131 suikast sonras\u0131 hayat\u0131n\u0131 kaybeden Ara\u015ft\u0131rmac\u0131 Gazeteci, Yazar U\u011fur Mumcu\u2019yu \u00f6l\u00fcm\u00fcn\u00fcn 32\u2019inci y\u0131l d\u00f6n\u00fcm\u00fcnde d\u00fczenledi\u011fi foto\u011fraf sergisi ile an\u0131yor.<\/p>\n<p style=\"font-weight: 400;\"><b><strong>Kalemiyle M\u00fccadele Eden Yurt Sever<\/strong><\/b><\/p>\n<p style=\"font-weight: 400;\">K\u0131r\u0131kkale Belediyesi Bas\u0131n Yay\u0131n ve Halkla \u0130li\u015fkiler M\u00fcd\u00fcrl\u00fc\u011f\u00fc taraf\u0131ndan 24 Ocak 1993\u2019te suikasta kurban giderek hayat\u0131n\u0131 kaybeden Gazeteci-Yazar U\u011fur Mumcu\u2019yu \u00f6l\u00fcm\u00fcn\u00fcn 32\u2019inci y\u0131l d\u00f6n\u00fcm\u00fc nedeniyle foto\u011fraf sergisi d\u00fczenlendi. K\u0131r\u0131kkale Belediyesi fuaye alan\u0131na d\u00fczenlenen serginin a\u00e7\u0131l\u0131\u015f\u0131n\u0131 yapan K\u0131r\u0131kkale Belediye Ba\u015fkan\u0131 Ahmet \u00d6nal, U\u011fur Mumcu\u2019yu \u201cKalemiyle \u00fclkemizin gelece\u011fi i\u00e7in m\u00fccadele eden, yurtsever, do\u011frudan \u015fa\u015fmayan, korkmayan, cesur bir gazeteciydi\u201d olarak tan\u0131mlad\u0131.<\/p>\n<p style=\"font-weight: 400;\"><b><strong>Hayat\u0131na, M\u00fccadelesine ve De\u011ferlerine Ortak Oluyoruz<\/strong><\/b><\/p>\n<p style=\"font-weight: 400;\">K\u0131r\u0131kkale Belediyesi olarak bas\u0131n\u0131n onurlu kalemi, halk\u0131n vicdan\u0131, d\u00fc\u015f\u00fcnce \u00f6zg\u00fcrl\u00fc\u011f\u00fcn\u00fcn y\u0131lmaz savunucusu U\u011fur Mumcu\u2019yu anmak i\u00e7in foto\u011fraf sergisi d\u00fczenlemek istediklerini belirten Belediye Ba\u015fkan\u0131 Ahmet \u00d6nal \u201c Mumcu, ya\u015fam\u0131 boyunca adaletin, demokrasinin ve ba\u011f\u0131ms\u0131zl\u0131\u011f\u0131n savunucusu oldu. O, sadece yazd\u0131\u011f\u0131 yaz\u0131larla de\u011fil, ortaya koydu\u011fu cesaretle de hepimize \u0131\u015f\u0131k tuttu. Bu sergide, onun hayat\u0131na, m\u00fccadelesine ve de\u011ferlerine bir kez daha tan\u0131k olaca\u011f\u0131z\u201d ifadesini kulland\u0131. \u00a0Ba\u015fkan \u00d6nal, hain bir suikast ile Mumcu\u2019nun kaleminin susturulmu\u015f olabilece\u011fini ancak onun fikirlerinin ve m\u00fccadelesinin her zaman ya\u015fayaca\u011f\u0131n\u0131n alt\u0131n\u0131 \u00e7izdi.<\/p>\n<p style=\"font-weight: 400;\"><b><strong>G\u00fcldal Mumcu: De\u011ferlerini Ya\u015fatt\u0131\u011f\u0131n\u0131z \u0130\u00e7in Te\u015fekk\u00fcr<\/strong><\/b><\/p>\n<p style=\"font-weight: 400;\">K\u0131r\u0131kkale Belediyesinin U\u011fur Mumucu\u2019nun geride b\u0131rakt\u0131\u011f\u0131 de\u011ferleri ya\u015fatmak i\u00e7in d\u00fczenledi\u011fi foto\u011fraf sergisi i\u00e7in bir te\u015fekk\u00fcr mesaj\u0131 yollayan U\u011fur Mumcu Ara\u015ft\u0131rmac\u0131 Gazeteci Vakf\u0131 Ba\u015fkan\u0131 G\u00fcldal Mumcu \u201cU\u011fur\u2019un an\u0131s\u0131na d\u00fczenledi\u011finiz etkinlikte; gen\u00e7lerin, \u00e7ocuklar\u0131n, i\u015f\u00e7ilerin, k\u00f6yl\u00fclerin ve ayd\u0131nlar\u0131n birlikte y\u00fckseltti\u011fi ses, hepimiz i\u00e7in bir umut \u0131\u015f\u0131\u011f\u0131\u201d ifadelerine yer verdi. G\u00fcldal Mumcu mesaj\u0131nda \u201c U\u011fur Mumcu&#8217;nun yolunda y\u00fcr\u00fcmek, bu \u00fclkenin ba\u011f\u0131ms\u0131zl\u0131\u011f\u0131na, adaletine ve demokrasisine sahip \u00e7\u0131kmakt\u0131r. Onun kalemi, hepimizin ortak vicdan\u0131d\u0131r. Bu y\u0131l, U\u011fur&#8217;un kaleminden d\u00f6k\u00fclen &#8220;Sesleni\u015f&#8221; yaz\u0131s\u0131n\u0131n 50. y\u0131l\u0131. U\u011fur olmadan ge\u00e7en otuz iki y\u0131lda adalet m\u00fccadelemize devam ettik. Halen faillerini bulamad\u0131\u011f\u0131m\u0131z suikast\u0131n arkas\u0131ndaki g\u00fc\u00e7lerin a\u00e7\u0131\u011fa \u00e7\u0131kmas\u0131n\u0131 talep ediyoruz. U\u011fur, seni her an\u0131\u015f\u0131m\u0131zda, senin kalemini tutan eline daha s\u0131k\u0131 sar\u0131l\u0131yoruz. Hayalini kurdu\u011fun o ba\u011f\u0131ms\u0131z ve \u00f6zg\u00fcr \u00fclke i\u00e7in verdi\u011fin m\u00fccadele, t\u00fcm toplumun yolunu ayd\u0131nlat\u0131yor.\u201d Dedi. Sergi 31 Ocak tarihine kadar a\u00e7\u0131k kalacak.<\/p>\n","protected":false},"excerpt":{"rendered":"<p>K\u0131r\u0131kkale\u2019de &#8216;U\u011fur&#8217;lu Sergisi K\u0131r\u0131kkale Belediyesi, u\u011frad\u0131\u011f\u0131 suikast sonras\u0131 hayat\u0131n\u0131 kaybeden Ara\u015ft\u0131rmac\u0131 Gazeteci, Yazar U\u011fur Mumcu\u2019yu \u00f6l\u00fcm\u00fcn\u00fcn 32\u2019inci y\u0131l d\u00f6n\u00fcm\u00fcnde d\u00fczenledi\u011fi foto\u011fraf sergisi ile an\u0131yor. Kalemiyle M\u00fccadele Eden Yurt Sever K\u0131r\u0131kkale Belediyesi Bas\u0131n Yay\u0131n ve Halkla \u0130li\u015fkiler M\u00fcd\u00fcrl\u00fc\u011f\u00fc taraf\u0131ndan 24 Ocak 1993\u2019te suikasta kurban giderek hayat\u0131n\u0131 kaybeden Gazeteci-Yazar U\u011fur Mumcu\u2019yu \u00f6l\u00fcm\u00fcn\u00fcn 32\u2019inci y\u0131l d\u00f6n\u00fcm\u00fc nedeniyle foto\u011fraf [&hellip;]<\/p>\n","protected":false},"author":1,"featured_media":2057,"comment_status":"closed","ping_status":"open","sticky":false,"template":"","format":"standard","meta":{"om_disable_all_campaigns":false,"_monsterinsights_skip_tracking":false,"_monsterinsights_sitenote_active":false,"_monsterinsights_sitenote_note":"","_monsterinsights_sitenote_category":0,"_uf_show_specific_survey":0,"_uf_disable_surveys":false,"footnotes":""},"categories":[40,147],"tags":[],"class_list":["post-2056","post","type-post","status-publish","format-standard","has-post-thumbnail","hentry","category-guncel","category-haber"],"aioseo_notices":[],"yoast_head":"<!-- This site is optimized with the Yoast SEO plugin v27.5 - https:\/\/yoast.com\/product\/yoast-seo-wordpress\/ -->\n<title>keskin, haber<\/title>\n<meta name=\"description\" content=\"Keskin-Haberleri,K\u0131r\u0131kkale-Haber,Keskin_Belediyesi,K\u0131r\u0131kkale-Gezilecek-Yerler,K\u0131r\u0131kkale-G\u00fcndem\" \/>\n<meta name=\"robots\" content=\"index, follow, max-snippet:-1, max-image-preview:large, max-video-preview:-1\" \/>\n<link rel=\"canonical\" href=\"https:\/\/keskinhaber.com\/index.php\/2025\/01\/24\/kirikkalede-ugurlu-sergisi\/\" \/>\n<meta property=\"og:locale\" content=\"tr_TR\" \/>\n<meta property=\"og:type\" content=\"article\" \/>\n<meta property=\"og:title\" content=\"keskin, haber\" \/>\n<meta property=\"og:description\" content=\"Keskin-Haberleri,K\u0131r\u0131kkale-Haber,Keskin_Belediyesi,K\u0131r\u0131kkale-Gezilecek-Yerler,K\u0131r\u0131kkale-G\u00fcndem\" \/>\n<meta property=\"og:url\" content=\"https:\/\/keskinhaber.com\/index.php\/2025\/01\/24\/kirikkalede-ugurlu-sergisi\/\" \/>\n<meta property=\"og:site_name\" content=\"Keskin Haber\" \/>\n<meta property=\"article:publisher\" content=\"https:\/\/www.facebook.com\/KeskinFM\" \/>\n<meta property=\"article:published_time\" content=\"2025-01-24T09:50:24+00:00\" \/>\n<meta property=\"og:image\" content=\"https:\/\/keskinhaber.com\/wp-content\/uploads\/2025\/01\/ugurlu-sergisi.jpeg\" \/>\n\t<meta property=\"og:image:width\" content=\"850\" \/>\n\t<meta property=\"og:image:height\" content=\"566\" \/>\n\t<meta property=\"og:image:type\" content=\"image\/jpeg\" \/>\n<meta name=\"author\" content=\"admin\" \/>\n<meta name=\"twitter:card\" content=\"summary_large_image\" \/>\n<meta name=\"twitter:creator\" content=\"@keskinhaber\" \/>\n<meta name=\"twitter:site\" content=\"@keskinhaber\" \/>\n<meta name=\"twitter:label1\" content=\"Yazan:\" \/>\n\t<meta name=\"twitter:data1\" content=\"admin\" \/>\n\t<meta name=\"twitter:label2\" content=\"Tahmini okuma s\u00fcresi\" \/>\n\t<meta name=\"twitter:data2\" content=\"3 dakika\" \/>\n<script type=\"application\/ld+json\" class=\"yoast-schema-graph\">{\"@context\":\"https:\\\/\\\/schema.org\",\"@graph\":[{\"@type\":\"Article\",\"@id\":\"https:\\\/\\\/keskinhaber.com\\\/index.php\\\/2025\\\/01\\\/24\\\/kirikkalede-ugurlu-sergisi\\\/#article\",\"isPartOf\":{\"@id\":\"https:\\\/\\\/keskinhaber.com\\\/index.php\\\/2025\\\/01\\\/24\\\/kirikkalede-ugurlu-sergisi\\\/\"},\"author\":{\"name\":\"admin\",\"@id\":\"https:\\\/\\\/keskinhaber.com\\\/#\\\/schema\\\/person\\\/895eaf7fdaa84e6aa6e66cb81cb43d15\"},\"headline\":\"K\u0131r\u0131kkale&#8217;de U\u011fur&#8217;lu Sergisi\",\"datePublished\":\"2025-01-24T09:50:24+00:00\",\"mainEntityOfPage\":{\"@id\":\"https:\\\/\\\/keskinhaber.com\\\/index.php\\\/2025\\\/01\\\/24\\\/kirikkalede-ugurlu-sergisi\\\/\"},\"wordCount\":497,\"publisher\":{\"@id\":\"https:\\\/\\\/keskinhaber.com\\\/#organization\"},\"image\":{\"@id\":\"https:\\\/\\\/keskinhaber.com\\\/index.php\\\/2025\\\/01\\\/24\\\/kirikkalede-ugurlu-sergisi\\\/#primaryimage\"},\"thumbnailUrl\":\"https:\\\/\\\/keskinhaber.com\\\/wp-content\\\/uploads\\\/2025\\\/01\\\/ugurlu-sergisi.jpeg\",\"articleSection\":[\"G\u00fcncel\",\"Haber\"],\"inLanguage\":\"tr\"},{\"@type\":\"WebPage\",\"@id\":\"https:\\\/\\\/keskinhaber.com\\\/index.php\\\/2025\\\/01\\\/24\\\/kirikkalede-ugurlu-sergisi\\\/\",\"url\":\"https:\\\/\\\/keskinhaber.com\\\/index.php\\\/2025\\\/01\\\/24\\\/kirikkalede-ugurlu-sergisi\\\/\",\"name\":\"keskin, haber\",\"isPartOf\":{\"@id\":\"https:\\\/\\\/keskinhaber.com\\\/#website\"},\"primaryImageOfPage\":{\"@id\":\"https:\\\/\\\/keskinhaber.com\\\/index.php\\\/2025\\\/01\\\/24\\\/kirikkalede-ugurlu-sergisi\\\/#primaryimage\"},\"image\":{\"@id\":\"https:\\\/\\\/keskinhaber.com\\\/index.php\\\/2025\\\/01\\\/24\\\/kirikkalede-ugurlu-sergisi\\\/#primaryimage\"},\"thumbnailUrl\":\"https:\\\/\\\/keskinhaber.com\\\/wp-content\\\/uploads\\\/2025\\\/01\\\/ugurlu-sergisi.jpeg\",\"datePublished\":\"2025-01-24T09:50:24+00:00\",\"description\":\"Keskin-Haberleri,K\u0131r\u0131kkale-Haber,Keskin_Belediyesi,K\u0131r\u0131kkale-Gezilecek-Yerler,K\u0131r\u0131kkale-G\u00fcndem\",\"breadcrumb\":{\"@id\":\"https:\\\/\\\/keskinhaber.com\\\/index.php\\\/2025\\\/01\\\/24\\\/kirikkalede-ugurlu-sergisi\\\/#breadcrumb\"},\"inLanguage\":\"tr\",\"potentialAction\":[{\"@type\":\"ReadAction\",\"target\":[\"https:\\\/\\\/keskinhaber.com\\\/index.php\\\/2025\\\/01\\\/24\\\/kirikkalede-ugurlu-sergisi\\\/\"]}]},{\"@type\":\"ImageObject\",\"inLanguage\":\"tr\",\"@id\":\"https:\\\/\\\/keskinhaber.com\\\/index.php\\\/2025\\\/01\\\/24\\\/kirikkalede-ugurlu-sergisi\\\/#primaryimage\",\"url\":\"https:\\\/\\\/keskinhaber.com\\\/wp-content\\\/uploads\\\/2025\\\/01\\\/ugurlu-sergisi.jpeg\",\"contentUrl\":\"https:\\\/\\\/keskinhaber.com\\\/wp-content\\\/uploads\\\/2025\\\/01\\\/ugurlu-sergisi.jpeg\",\"width\":850,\"height\":566},{\"@type\":\"BreadcrumbList\",\"@id\":\"https:\\\/\\\/keskinhaber.com\\\/index.php\\\/2025\\\/01\\\/24\\\/kirikkalede-ugurlu-sergisi\\\/#breadcrumb\",\"itemListElement\":[{\"@type\":\"ListItem\",\"position\":1,\"name\":\"Home\",\"item\":\"https:\\\/\\\/keskinhaber.com\\\/\"},{\"@type\":\"ListItem\",\"position\":2,\"name\":\"K\u0131r\u0131kkale&#8217;de U\u011fur&#8217;lu Sergisi\"}]},{\"@type\":\"WebSite\",\"@id\":\"https:\\\/\\\/keskinhaber.com\\\/#website\",\"url\":\"https:\\\/\\\/keskinhaber.com\\\/\",\"name\":\"Keskin Haber\",\"description\":\"Tarafs\u0131z Haberin Merkezi\",\"publisher\":{\"@id\":\"https:\\\/\\\/keskinhaber.com\\\/#organization\"},\"alternateName\":\"keskinhaber\",\"potentialAction\":[{\"@type\":\"SearchAction\",\"target\":{\"@type\":\"EntryPoint\",\"urlTemplate\":\"https:\\\/\\\/keskinhaber.com\\\/?s={search_term_string}\"},\"query-input\":{\"@type\":\"PropertyValueSpecification\",\"valueRequired\":true,\"valueName\":\"search_term_string\"}}],\"inLanguage\":\"tr\"},{\"@type\":\"Organization\",\"@id\":\"https:\\\/\\\/keskinhaber.com\\\/#organization\",\"name\":\"Keskin Haber-Tarafs\u0131z Haberin Merkezi\",\"alternateName\":\"keskinhaber\",\"url\":\"https:\\\/\\\/keskinhaber.com\\\/\",\"logo\":{\"@type\":\"ImageObject\",\"inLanguage\":\"tr\",\"@id\":\"https:\\\/\\\/keskinhaber.com\\\/#\\\/schema\\\/logo\\\/image\\\/\",\"url\":\"https:\\\/\\\/keskinhaber.com\\\/wp-content\\\/uploads\\\/2020\\\/12\\\/keskin-haber-logo.png\",\"contentUrl\":\"https:\\\/\\\/keskinhaber.com\\\/wp-content\\\/uploads\\\/2020\\\/12\\\/keskin-haber-logo.png\",\"width\":229,\"height\":40,\"caption\":\"Keskin Haber-Tarafs\u0131z Haberin Merkezi\"},\"image\":{\"@id\":\"https:\\\/\\\/keskinhaber.com\\\/#\\\/schema\\\/logo\\\/image\\\/\"},\"sameAs\":[\"https:\\\/\\\/www.facebook.com\\\/KeskinFM\",\"https:\\\/\\\/x.com\\\/keskinhaber\"]},{\"@type\":\"Person\",\"@id\":\"https:\\\/\\\/keskinhaber.com\\\/#\\\/schema\\\/person\\\/895eaf7fdaa84e6aa6e66cb81cb43d15\",\"name\":\"admin\",\"image\":{\"@type\":\"ImageObject\",\"inLanguage\":\"tr\",\"@id\":\"https:\\\/\\\/secure.gravatar.com\\\/avatar\\\/638399cc6c046cab6b781ba08137f90e3c088d731afee2cc8e755ee107e4ced8?s=96&d=mm&r=g\",\"url\":\"https:\\\/\\\/secure.gravatar.com\\\/avatar\\\/638399cc6c046cab6b781ba08137f90e3c088d731afee2cc8e755ee107e4ced8?s=96&d=mm&r=g\",\"contentUrl\":\"https:\\\/\\\/secure.gravatar.com\\\/avatar\\\/638399cc6c046cab6b781ba08137f90e3c088d731afee2cc8e755ee107e4ced8?s=96&d=mm&r=g\",\"caption\":\"admin\"},\"sameAs\":[\"https:\\\/\\\/keskinhaber.com\"]}]}<\/script>\n<!-- \/ Yoast SEO plugin. -->","yoast_head_json":{"title":"keskin, haber","description":"Keskin-Haberleri,K\u0131r\u0131kkale-Haber,Keskin_Belediyesi,K\u0131r\u0131kkale-Gezilecek-Yerler,K\u0131r\u0131kkale-G\u00fcndem","robots":{"index":"index","follow":"follow","max-snippet":"max-snippet:-1","max-image-preview":"max-image-preview:large","max-video-preview":"max-video-preview:-1"},"canonical":"https:\/\/keskinhaber.com\/index.php\/2025\/01\/24\/kirikkalede-ugurlu-sergisi\/","og_locale":"tr_TR","og_type":"article","og_title":"keskin, haber","og_description":"Keskin-Haberleri,K\u0131r\u0131kkale-Haber,Keskin_Belediyesi,K\u0131r\u0131kkale-Gezilecek-Yerler,K\u0131r\u0131kkale-G\u00fcndem","og_url":"https:\/\/keskinhaber.com\/index.php\/2025\/01\/24\/kirikkalede-ugurlu-sergisi\/","og_site_name":"Keskin Haber","article_publisher":"https:\/\/www.facebook.com\/KeskinFM","article_published_time":"2025-01-24T09:50:24+00:00","og_image":[{"width":850,"height":566,"url":"https:\/\/keskinhaber.com\/wp-content\/uploads\/2025\/01\/ugurlu-sergisi.jpeg","type":"image\/jpeg"}],"author":"admin","twitter_card":"summary_large_image","twitter_creator":"@keskinhaber","twitter_site":"@keskinhaber","twitter_misc":{"Yazan:":"admin","Tahmini okuma s\u00fcresi":"3 dakika"},"schema":{"@context":"https:\/\/schema.org","@graph":[{"@type":"Article","@id":"https:\/\/keskinhaber.com\/index.php\/2025\/01\/24\/kirikkalede-ugurlu-sergisi\/#article","isPartOf":{"@id":"https:\/\/keskinhaber.com\/index.php\/2025\/01\/24\/kirikkalede-ugurlu-sergisi\/"},"author":{"name":"admin","@id":"https:\/\/keskinhaber.com\/#\/schema\/person\/895eaf7fdaa84e6aa6e66cb81cb43d15"},"headline":"K\u0131r\u0131kkale&#8217;de U\u011fur&#8217;lu Sergisi","datePublished":"2025-01-24T09:50:24+00:00","mainEntityOfPage":{"@id":"https:\/\/keskinhaber.com\/index.php\/2025\/01\/24\/kirikkalede-ugurlu-sergisi\/"},"wordCount":497,"publisher":{"@id":"https:\/\/keskinhaber.com\/#organization"},"image":{"@id":"https:\/\/keskinhaber.com\/index.php\/2025\/01\/24\/kirikkalede-ugurlu-sergisi\/#primaryimage"},"thumbnailUrl":"https:\/\/keskinhaber.com\/wp-content\/uploads\/2025\/01\/ugurlu-sergisi.jpeg","articleSection":["G\u00fcncel","Haber"],"inLanguage":"tr"},{"@type":"WebPage","@id":"https:\/\/keskinhaber.com\/index.php\/2025\/01\/24\/kirikkalede-ugurlu-sergisi\/","url":"https:\/\/keskinhaber.com\/index.php\/2025\/01\/24\/kirikkalede-ugurlu-sergisi\/","name":"keskin, haber","isPartOf":{"@id":"https:\/\/keskinhaber.com\/#website"},"primaryImageOfPage":{"@id":"https:\/\/keskinhaber.com\/index.php\/2025\/01\/24\/kirikkalede-ugurlu-sergisi\/#primaryimage"},"image":{"@id":"https:\/\/keskinhaber.com\/index.php\/2025\/01\/24\/kirikkalede-ugurlu-sergisi\/#primaryimage"},"thumbnailUrl":"https:\/\/keskinhaber.com\/wp-content\/uploads\/2025\/01\/ugurlu-sergisi.jpeg","datePublished":"2025-01-24T09:50:24+00:00","description":"Keskin-Haberleri,K\u0131r\u0131kkale-Haber,Keskin_Belediyesi,K\u0131r\u0131kkale-Gezilecek-Yerler,K\u0131r\u0131kkale-G\u00fcndem","breadcrumb":{"@id":"https:\/\/keskinhaber.com\/index.php\/2025\/01\/24\/kirikkalede-ugurlu-sergisi\/#breadcrumb"},"inLanguage":"tr","potentialAction":[{"@type":"ReadAction","target":["https:\/\/keskinhaber.com\/index.php\/2025\/01\/24\/kirikkalede-ugurlu-sergisi\/"]}]},{"@type":"ImageObject","inLanguage":"tr","@id":"https:\/\/keskinhaber.com\/index.php\/2025\/01\/24\/kirikkalede-ugurlu-sergisi\/#primaryimage","url":"https:\/\/keskinhaber.com\/wp-content\/uploads\/2025\/01\/ugurlu-sergisi.jpeg","contentUrl":"https:\/\/keskinhaber.com\/wp-content\/uploads\/2025\/01\/ugurlu-sergisi.jpeg","width":850,"height":566},{"@type":"BreadcrumbList","@id":"https:\/\/keskinhaber.com\/index.php\/2025\/01\/24\/kirikkalede-ugurlu-sergisi\/#breadcrumb","itemListElement":[{"@type":"ListItem","position":1,"name":"Home","item":"https:\/\/keskinhaber.com\/"},{"@type":"ListItem","position":2,"name":"K\u0131r\u0131kkale&#8217;de U\u011fur&#8217;lu Sergisi"}]},{"@type":"WebSite","@id":"https:\/\/keskinhaber.com\/#website","url":"https:\/\/keskinhaber.com\/","name":"Keskin Haber","description":"Tarafs\u0131z Haberin Merkezi","publisher":{"@id":"https:\/\/keskinhaber.com\/#organization"},"alternateName":"keskinhaber","potentialAction":[{"@type":"SearchAction","target":{"@type":"EntryPoint","urlTemplate":"https:\/\/keskinhaber.com\/?s={search_term_string}"},"query-input":{"@type":"PropertyValueSpecification","valueRequired":true,"valueName":"search_term_string"}}],"inLanguage":"tr"},{"@type":"Organization","@id":"https:\/\/keskinhaber.com\/#organization","name":"Keskin Haber-Tarafs\u0131z Haberin Merkezi","alternateName":"keskinhaber","url":"https:\/\/keskinhaber.com\/","logo":{"@type":"ImageObject","inLanguage":"tr","@id":"https:\/\/keskinhaber.com\/#\/schema\/logo\/image\/","url":"https:\/\/keskinhaber.com\/wp-content\/uploads\/2020\/12\/keskin-haber-logo.png","contentUrl":"https:\/\/keskinhaber.com\/wp-content\/uploads\/2020\/12\/keskin-haber-logo.png","width":229,"height":40,"caption":"Keskin Haber-Tarafs\u0131z Haberin Merkezi"},"image":{"@id":"https:\/\/keskinhaber.com\/#\/schema\/logo\/image\/"},"sameAs":["https:\/\/www.facebook.com\/KeskinFM","https:\/\/x.com\/keskinhaber"]},{"@type":"Person","@id":"https:\/\/keskinhaber.com\/#\/schema\/person\/895eaf7fdaa84e6aa6e66cb81cb43d15","name":"admin","image":{"@type":"ImageObject","inLanguage":"tr","@id":"https:\/\/secure.gravatar.com\/avatar\/638399cc6c046cab6b781ba08137f90e3c088d731afee2cc8e755ee107e4ced8?s=96&d=mm&r=g","url":"https:\/\/secure.gravatar.com\/avatar\/638399cc6c046cab6b781ba08137f90e3c088d731afee2cc8e755ee107e4ced8?s=96&d=mm&r=g","contentUrl":"https:\/\/secure.gravatar.com\/avatar\/638399cc6c046cab6b781ba08137f90e3c088d731afee2cc8e755ee107e4ced8?s=96&d=mm&r=g","caption":"admin"},"sameAs":["https:\/\/keskinhaber.com"]}]}},"_links":{"self":[{"href":"https:\/\/keskinhaber.com\/index.php\/wp-json\/wp\/v2\/posts\/2056","targetHints":{"allow":["GET"]}}],"collection":[{"href":"https:\/\/keskinhaber.com\/index.php\/wp-json\/wp\/v2\/posts"}],"about":[{"href":"https:\/\/keskinhaber.com\/index.php\/wp-json\/wp\/v2\/types\/post"}],"author":[{"embeddable":true,"href":"https:\/\/keskinhaber.com\/index.php\/wp-json\/wp\/v2\/users\/1"}],"replies":[{"embeddable":true,"href":"https:\/\/keskinhaber.com\/index.php\/wp-json\/wp\/v2\/comments?post=2056"}],"version-history":[{"count":1,"href":"https:\/\/keskinhaber.com\/index.php\/wp-json\/wp\/v2\/posts\/2056\/revisions"}],"predecessor-version":[{"id":2058,"href":"https:\/\/keskinhaber.com\/index.php\/wp-json\/wp\/v2\/posts\/2056\/revisions\/2058"}],"wp:featuredmedia":[{"embeddable":true,"href":"https:\/\/keskinhaber.com\/index.php\/wp-json\/wp\/v2\/media\/2057"}],"wp:attachment":[{"href":"https:\/\/keskinhaber.com\/index.php\/wp-json\/wp\/v2\/media?parent=2056"}],"wp:term":[{"taxonomy":"category","embeddable":true,"href":"https:\/\/keskinhaber.com\/index.php\/wp-json\/wp\/v2\/categories?post=2056"},{"taxonomy":"post_tag","embeddable":true,"href":"https:\/\/keskinhaber.com\/index.php\/wp-json\/wp\/v2\/tags?post=2056"}],"curies":[{"name":"wp","href":"https:\/\/api.w.org\/{rel}","templated":true}]}}