{"id":831,"date":"2021-01-03T16:21:02","date_gmt":"2021-01-03T16:21:02","guid":{"rendered":"https:\/\/keskinhaber.com\/?p=831"},"modified":"2021-01-03T16:21:02","modified_gmt":"2021-01-03T16:21:02","slug":"buyuk-ve-guclu-turkiyenin-insasi-icin-gereken-adimlari-milletimizle-birlikte-atacagiz","status":"publish","type":"post","link":"https:\/\/keskinhaber.com\/index.php\/2021\/01\/03\/buyuk-ve-guclu-turkiyenin-insasi-icin-gereken-adimlari-milletimizle-birlikte-atacagiz\/","title":{"rendered":"\u201cB\u00fcy\u00fck ve g\u00fc\u00e7l\u00fc T\u00fcrkiye&#8217;nin in\u015fas\u0131 i\u00e7in gereken ad\u0131mlar\u0131 milletimizle birlikte ataca\u011f\u0131z\u201d"},"content":{"rendered":"<p>Cumhurba\u015fkan\u0131 Erdo\u011fan, K\u00f6m\u00fcrhan K\u00f6pr\u00fcs\u00fc ve T\u00fcnelleri a\u00e7\u0131l\u0131\u015f\u0131nda yapt\u0131\u011f\u0131 konu\u015fmada, \u201c\u00dclkemizdeki t\u00fcm kesimlerin kat\u0131l\u0131m\u0131yla, b\u00fcy\u00fck ve g\u00fc\u00e7l\u00fc T\u00fcrkiye\u2019nin in\u015fas\u0131 i\u00e7in gereken ad\u0131mlar\u0131 milletimizle birlikte ataca\u011f\u0131z. Ekonomide ve hukukta yapaca\u011f\u0131m\u0131z reformlarla, \u00fclkemizi yat\u0131r\u0131m, \u00fcretim, istihdam, \u00f6zg\u00fcrl\u00fckler bak\u0131m\u0131ndan geli\u015ftirerek, hedeflerimize daha kolayca ula\u015fabilece\u011fimiz bir iklim olu\u015fturmakta kararl\u0131y\u0131z\u201d dedi.<\/p>\n<p>Cumhurba\u015fkan\u0131 Recep Tayyip Erdo\u011fan, K\u00f6m\u00fcrhan K\u00f6pr\u00fcs\u00fc ve T\u00fcnelleri A\u00e7\u0131l\u0131\u015f T\u00f6renine, Vahdettin K\u00f6\u015fk\u00fc\u2019nden canl\u0131 ba\u011flant\u0131yla kat\u0131larak, bir konu\u015fma yapt\u0131.<\/p>\n<p>Cumhurba\u015fkan\u0131 Erdo\u011fan, Elaz\u0131\u011fl\u0131 ve Malatyal\u0131lara selamlar\u0131n\u0131 ileterek, a\u00e7\u0131l\u0131\u015f\u0131 yap\u0131lan K\u00f6m\u00fcrhan K\u00f6pr\u00fcs\u00fc ile ba\u011flant\u0131 t\u00fcneli ve yolunun hay\u0131rl\u0131 olmas\u0131n\u0131 diledi.<\/p>\n<p>Yap\u0131m bedeli 720 milyon lira olan bu projenin, Elaz\u0131\u011f ile Malatya\u2019y\u0131 birbirine ba\u011flaman\u0131n \u00f6tesinde, T\u00fcrkiye\u2019nin do\u011fu-bat\u0131 ve kuzey-g\u00fcney ula\u015f\u0131m aks\u0131n\u0131n en \u00f6nemli noktalar\u0131ndan birini olu\u015fturdu\u011funu dile getiren Cumhurba\u015fkan\u0131 Erdo\u011fan, toplam uzunlu\u011fu 660 metreyi, orta a\u00e7\u0131kl\u0131\u011f\u0131 380 metreyi bulan K\u00f6m\u00fcrhan K\u00f6pr\u00fcs\u00fc\u2019n\u00fcn kendi grubunda d\u00fcnyan\u0131n d\u00f6rd\u00fcnc\u00fc b\u00fcy\u00fck projesi unvan\u0131n\u0131 ta\u015f\u0131d\u0131\u011f\u0131n\u0131 bildirdi.<\/p>\n<p>F\u0131rat Nehri \u00fczerine in\u015fa edilen k\u00f6pr\u00fcn\u00fcn, Karakaya Baraj\u0131\u2019n\u0131n \u00e7evresindeki yolu k\u0131saltarak, y\u0131lda sadece vakitten 9,3 milyon lira ve yak\u0131ttan 4,7 milyon tasarruf sa\u011flayaca\u011f\u0131na i\u015faret eden Cumhurba\u015fkan\u0131 Erdo\u011fan, y\u00fczde y\u00fcz yerli ve mill\u00ee kaynaklarla in\u015fa edilen bu eserin, T\u00fcrkiye\u2019nin m\u00fchendislik alan\u0131ndaki g\u00fcc\u00fcn\u00fcn ve kabiliyetlerinin sembollerinden biri olaca\u011f\u0131n\u0131 kaydetti.<\/p>\n<p><strong>\u201cBUG\u00dcNE KADAR MALATYA\u2019DA 8,8, ELAZI\u011e\u2019DA 6 M\u0130LYAR L\u0130RA ULA\u015eIM YATIRIMI YAPTIK\u201d<\/strong><\/p>\n<p>Cumhurba\u015fkan\u0131 Erdo\u011fan, \u201cTarih\u00ee bir abide \u00f6zelli\u011fi ta\u015f\u0131yan k\u00f6pr\u00fcs\u00fcyle, t\u00fcnelleriyle, yollar\u0131yla bu projenin b\u00f6lgemizin kalk\u0131nmas\u0131na, geli\u015fmesine, refah\u0131na \u00f6nemli katk\u0131lar sunaca\u011f\u0131na inan\u0131yorum. Bu k\u00f6pr\u00fc ayn\u0131 zamanda, Elaz\u0131\u011f ve Malatya havalimanlar\u0131 aras\u0131ndaki mesafeyi de azaltarak, b\u00f6lgenin ulusal ve uluslararas\u0131 hava ula\u015f\u0131m\u0131nda da kolayl\u0131k sa\u011flayacakt\u0131r\u201d diye konu\u015ftu.<\/p>\n<p>Cumhurba\u015fkan\u0131 Erdo\u011fan, k\u00f6pr\u00fcn\u00fcn yap\u0131m\u0131nda eme\u011fi ge\u00e7en herkesi tebrik ederek, \u201c\u0130n\u015fallah art\u0131k, F\u0131rat\u2019\u0131n azg\u0131n sular\u0131nda hayatlar\u0131n\u0131 kaybeden vatanda\u015flar\u0131m\u0131z\u0131n ard\u0131ndan a\u011f\u0131tlar yak\u0131lmayacak\u201d dedi.<\/p>\n<p>K\u00f6m\u00fcrhan K\u00f6pr\u00fcs\u00fc\u2019n\u00fcn b\u00f6lgedeki ula\u015f\u0131m yat\u0131r\u0131mlar\u0131ndan sadece bir tanesi oldu\u011funa dikkati \u00e7eken Cumhurba\u015fkan\u0131 Erdo\u011fan, \u201cBug\u00fcne kadar Malatya\u2019da 8,8 milyar lira, Elaz\u0131\u011f\u2019da 6 milyar lira ula\u015f\u0131m yat\u0131r\u0131m\u0131 yaparak, b\u00f6l\u00fcnm\u00fc\u015f yoldan demiryoluna ve havayoluna kadar her alanda b\u00f6lgemizin \u00e7ehresini de\u011fi\u015ftirdik. Malatya\u2019n\u0131n b\u00f6l\u00fcnm\u00fc\u015f yol uzunlu\u011funu 12 kat art\u0131\u015fla 443 kilometreye, Elaz\u0131\u011f\u2019\u0131n b\u00f6l\u00fcnm\u00fc\u015f yol uzunlu\u011funu 11 kat art\u0131\u015fla 357 kilometreye \u00e7\u0131kard\u0131k. Daha \u00f6nce b\u00fcy\u00fct\u00fcp modernle\u015ftirdi\u011fimiz Malatya Havaliman\u0131\u2019na \u015fimdi yeni bir terminal binas\u0131 yap\u0131yoruz. Ayn\u0131 \u015fekilde Elaz\u0131\u011f Havaliman\u0131\u2019n\u0131 daha da b\u00fcy\u00fct\u00fcyor, geli\u015ftiriyoruz\u201d a\u00e7\u0131klamas\u0131nda bulundu.<\/p>\n<p>&nbsp;<\/p>\n<p><strong>\u201cM\u0130LLET\u0130M\u0130Z\u0130N \u00d6N\u00dcNE, ESERLER\u0130M\u0130ZLE, H\u0130ZMETLER\u0130M\u0130ZLE, YAPTIKLARIMIZLA VE YAPMAYI TAAHH\u00dcT ETT\u0130KLER\u0130M\u0130ZLE \u00c7IKIYORUZ\u201d<\/strong><\/p>\n<p>Antik \u00e7a\u011f filozoflar\u0131ndan Epiktetus\u2019un \u201cKoyun, yemini \u00e7oban\u0131n \u00f6n\u00fcn\u00fc getirip de, \u2018bak ne g\u00fczel yedim\u2019 demez. Yemini yer, sindirir, y\u00fcn ve s\u00fct verir. Bunun gibi, sen de felsefi ilkelerini insanlara anlat\u0131p durma. Onlara sindirdi\u011fin bu ilkelerden \u00fcrettiklerini g\u00f6ster\u201d s\u00f6zlerini hat\u0131rlatan Cumhurba\u015fkan\u0131 Erdo\u011fan, s\u00f6zlerine \u015f\u00f6yle devam etti: \u201cEsas olan kendi halk\u0131n ve insanl\u0131k i\u00e7in ne \u00fcretti\u011fin, onlara ne verdi\u011fin, ne katt\u0131\u011f\u0131nd\u0131r. \u00dclkemizde, s\u00fcrekli ilkelerden bahsedip, hi\u00e7bir \u00fcretim yapmamay\u0131 felsefe h\u00e2line getirmi\u015f bir zihniyet varl\u0131\u011f\u0131n\u0131 h\u00e2l\u00e2 s\u00fcrd\u00fcrmektedir. Bunlar, \u00fclkenin ve milletin faydas\u0131na hi\u00e7bir ad\u0131m atmad\u0131klar\u0131 gibi at\u0131lan hay\u0131rl\u0131 ad\u0131mlardan da rahats\u0131z olurlar. T\u00fcrkiye\u2019nin ekonomide ve yat\u0131r\u0131mlarda oldu\u011fu gibi demokraside, hukukta, \u00f6zg\u00fcrl\u00fcklerde de ilerlemesine tahamm\u00fcl edemezler. Ayasofya\u2019n\u0131n ibadete a\u00e7\u0131lmas\u0131ndan ba\u015f\u00f6rt\u00fcs\u00fc haz\u0131ms\u0131zl\u0131\u011f\u0131na kadar bir\u00e7ok alanda bu habis zihniyetin yans\u0131malar\u0131n\u0131 g\u00f6r\u00fcyoruz. Ama biz bunlara ald\u0131rmadan, hizmet siyaseti diyoruz, eser siyaseti diyoruz. Milletimizin \u00f6n\u00fcne, i\u015fte burada oldu\u011fu gibi eserlerimizle, hizmetlerimizle, yapt\u0131klar\u0131m\u0131zla ve yapmay\u0131 taahh\u00fct ettiklerimizle \u00e7\u0131k\u0131yoruz.\u201d<\/p>\n<p>Cumhurba\u015fkan\u0131 Erdo\u011fan, salg\u0131n \u015fartlar\u0131na ra\u011fmen 2020 y\u0131l\u0131nda hizmet siyasetinden zerre taviz vermediklerini belirterek, ge\u00e7en y\u0131l ula\u015ft\u0131rma, sa\u011fl\u0131k, enerji, sanayi, tar\u0131m, savunma alanlar\u0131nda yap\u0131lan hizmet ve yat\u0131r\u0131mlar ile Libya ve Azerbaycan\u2019da elde edilen ba\u015far\u0131lar\u0131 anlatt\u0131.<\/p>\n<p>Cumhurba\u015fkan\u0131 Erdo\u011fan, \u201cEsasen bu listeyi saatlerce anlatmak m\u00fcmk\u00fcnd\u00fcr. Bir kez daha alt\u0131n\u0131 \u00e7izerek ifade ediyorum, biz en zor \u015fartlarda bile hizmet \u00fcretmenin, eser \u00fcretmenin, in\u015fa etmenin pe\u015finden ko\u015ftuk. Milletimizin \u00f6zg\u00fcrl\u00fc\u011f\u00fcn\u00fc, refah\u0131n\u0131, g\u00fcvenli\u011fini g\u00fc\u00e7lendirmek i\u00e7in, her alanda gece g\u00fcnd\u00fcz \u00e7al\u0131\u015ft\u0131k, \u00e7al\u0131\u015f\u0131yoruz. T\u00fcrkiye\u2019yi 2023 hedeflerine ula\u015ft\u0131rana kadar da durmayaca\u011f\u0131z. \u0130n\u015fallah hep birlikte o g\u00fcnleri de g\u00f6rece\u011fiz\u201d ifadelerini kulland\u0131.<\/p>\n<p><strong>\u201c2021\u2019\u0130, HER ALANDA YEN\u0130 B\u0130R \u015eAHLANI\u015e YILI H\u00c2L\u0130NE GET\u0130RMEK \u0130ST\u0130YORUZ\u201d<\/strong><\/p>\n<p>Cumhurba\u015fkan\u0131 Erdo\u011fan, 2020 y\u0131l\u0131n\u0131n t\u00fcm insanl\u0131kla birlikte T\u00fcrkiye i\u00e7in de zorlu bir y\u0131l oldu\u011funu yineleyerek, \u015fu de\u011ferlendirmelerde bulundu: \u201cTarih\u00ee bir istiklal ve istikbal m\u00fccadelesi verdi\u011fimiz, g\u00fcvenlikten ekonomiye her alanda ciddi s\u0131namalarla kar\u015f\u0131 kar\u015f\u0131ya oldu\u011fumuz bir d\u00f6nemde, Koronavir\u00fcs musibetinin yol a\u00e7t\u0131\u011f\u0131 s\u0131k\u0131nt\u0131lar\u0131 da omuzlamak mecburiyetinde kald\u0131k. Milletimizin sa\u011fl\u0131\u011f\u0131yla beraber i\u015fini, a\u015f\u0131n\u0131, gelece\u011fini korumak i\u00e7in devletimizin imk\u00e2nlar\u0131n\u0131 seferber ettik. Salg\u0131n tedbirlerinin yol a\u00e7t\u0131\u011f\u0131 sorunlar\u0131n y\u00fck\u00fcn\u00fc azaltmak i\u00e7in do\u011frudan ve dolayl\u0131 desteklerle milletimizin yan\u0131nda yer ald\u0131k. Kaybetti\u011fimiz insanlar\u0131m\u0131z\u0131n ac\u0131lar\u0131 t\u00fcm s\u0131cakl\u0131\u011f\u0131yla y\u00fcre\u011fimizdedir. Bir kez daha salg\u0131nda \u00f6len vatanda\u015flar\u0131m\u0131za Allah\u2019tan rahmet diliyorum. Allah\u2019\u0131n takdiriyle 2021\u2019i, her alanda yeni bir \u015fahlan\u0131\u015f y\u0131l\u0131 h\u00e2line getirmek istiyoruz. Bunun i\u00e7in kapsaml\u0131 haz\u0131rl\u0131klar yap\u0131yoruz.\u201d<\/p>\n<p>Cumhurba\u015fkan\u0131 Erdo\u011fan, yurt d\u0131\u015f\u0131ndan temin edilen a\u015f\u0131lar\u0131n uygulanmaya ba\u015flanmas\u0131yla, salg\u0131nla m\u00fccadelede \u00f6nemli bir e\u015fi\u011fin a\u015f\u0131laca\u011f\u0131na olan inanc\u0131n\u0131 dile getirerek, \u201c\u0130n\u015fallah en ge\u00e7 Nisan ay\u0131nda, geli\u015ftirme \u00e7al\u0131\u015fmalar\u0131 h\u0131zla s\u00fcren kendi a\u015f\u0131lar\u0131m\u0131z\u0131 da kullan\u0131ma haz\u0131r h\u00e2le getirmi\u015f olaca\u011f\u0131z\u201d dedi.<\/p>\n<p>Avrupa ba\u015fta olmak \u00fczere, d\u00fcnya genelinde salg\u0131n\u0131n bir tehdit olmaktan \u00e7\u0131kmas\u0131yla birlikte, as\u0131l g\u00fcndem konular\u0131na yo\u011funla\u015fabileceklerini kaydeden Cumhurba\u015fkan\u0131 Erdo\u011fan, \u201cSon y\u0131llarda m\u00fccadelelerimizle elde etti\u011fimiz kazan\u0131mlar \u00f6nemlidir. Ama as\u0131l \u00f6nemlisi, bunlar\u0131 koruyup daha da ileriye ta\u015f\u0131yacak ad\u0131mlar\u0131 atmam\u0131zd\u0131r. K\u00fcresel siyasi ve ekonomik sistemin k\u00f6kten sars\u0131ld\u0131\u011f\u0131 bir d\u00f6nemde, \u00fclkemizi hak etti\u011fi yere \u00e7\u0131karmak i\u00e7in hep birlikte \u00e7ok daha fazla \u00e7al\u0131\u015fmam\u0131z gerekiyor. Her m\u00fccadelemizde oldu\u011fu gibi, bu s\u00fcre\u00e7te de en b\u00fcy\u00fck g\u00fcc\u00fcm\u00fcz birli\u011fimiz, beraberli\u011fimiz, karde\u015fli\u011fimiz olacakt\u0131r\u201d diye konu\u015ftu.<\/p>\n<p><strong>\u201cEKONOM\u0130DE VE HUKUKTA YAPACA\u011eIMIZ REFORMLARLA, \u00dcLKEM\u0130Z\u0130 YATIRIM, \u00dcRET\u0130M, \u0130ST\u0130HDAM, \u00d6ZG\u00dcRL\u00dcKLER BAKIMINDAN GEL\u0130\u015eT\u0130RECE\u011e\u0130Z\u201d<\/strong><\/p>\n<p>T\u00fcrkiye\u2019nin y\u00fckseli\u015finin \u00f6n\u00fcn\u00fc, i\u00e7eride ter\u00f6r \u00f6rg\u00fctleriyle, d\u0131\u015far\u0131da bask\u0131 ve yapt\u0131r\u0131m tehditleriyle kesemeyenlerin, proje ki\u015filikler ve g\u00fcndemlerle milletin birli\u011fini bozman\u0131n pe\u015finde olduklar\u0131 uyar\u0131s\u0131nda bulunan Cumhurba\u015fkan\u0131 Erdo\u011fan, \u015funlar\u0131 kaydetti: \u201cGe\u00e7mi\u015fte uzun y\u0131llar boyunca siyasi istikrars\u0131zl\u0131klar\u0131n, sosyal \u00e7alkant\u0131lar\u0131n, vesayet bask\u0131s\u0131n\u0131n, darbe zulm\u00fcn\u00fcn bedellerini \u00f6deyen milletimiz, hamdolsun, bu t\u00fcr senaryolara pirim vermiyor. Bug\u00fcne kadar \u00fclkemizin ve milletimizin ihtiyac\u0131 olan, hem mevcut eksiklerimizi giderecek, hem gelecekteki ihtiya\u00e7lar\u0131m\u0131z\u0131 kar\u015f\u0131layacak reformlar\u0131 biz hayata ge\u00e7irdik. \u0130n\u015fallah 2021\u2019i de bu \u015fekilde bir reform y\u0131l\u0131 h\u00e2line d\u00f6n\u00fc\u015ft\u00fcrece\u011fiz. Cumhurba\u015fkanl\u0131\u011f\u0131n\u0131n ve Meclisimizin \u00f6nc\u00fcl\u00fc\u011f\u00fcnde, \u00fclkemizdeki t\u00fcm kesimlerin kat\u0131l\u0131m\u0131yla, b\u00fcy\u00fck ve g\u00fc\u00e7l\u00fc T\u00fcrkiye\u2019nin in\u015fas\u0131 i\u00e7in gereken ad\u0131mlar\u0131 milletimizle birlikte ataca\u011f\u0131z. Ekonomide ve hukukta yapaca\u011f\u0131m\u0131z reformlarla, \u00fclkemizi yat\u0131r\u0131m, \u00fcretim, istihdam, \u00f6zg\u00fcrl\u00fckler bak\u0131m\u0131ndan geli\u015ftirerek, hedeflerimize daha kolayca ula\u015fabilece\u011fimiz bir iklim olu\u015fturmakta kararl\u0131y\u0131z.\u201d<\/p>\n<p>Cumhurba\u015fkan\u0131 Erdo\u011fan, a\u00e7\u0131l\u0131\u015f\u0131 yap\u0131lan K\u00f6m\u00fcrhan K\u00f6pr\u00fcs\u00fc ile ba\u011flant\u0131 t\u00fcnelinin ve yollar\u0131n\u0131n hay\u0131rl\u0131 olmas\u0131 dile\u011fini tekrarlayarak, konu\u015fmas\u0131n\u0131 tamamlad\u0131.<\/p>\n<p>Cumhurba\u015fkan\u0131 Erdo\u011fan, konu\u015fmas\u0131n\u0131n ard\u0131ndan, t\u00f6ren alan\u0131nda haz\u0131r bulunan Ula\u015ft\u0131rma ve Altyap\u0131 Bakan\u0131 Adil Karaismailo\u011flu ile beraberindeki yetkililere, K\u00f6m\u00fcrhan K\u00f6pr\u00fcs\u00fc\u2019n\u00fcn a\u00e7\u0131l\u0131\u015f kurdelesini kesmeleri y\u00f6n\u00fcnde talimat verdi.<\/p>\n<p>Kurdele kesiminin ard\u0131ndan k\u00f6pr\u00fcn\u00fcn g\u00f6r\u00fcnt\u00fcs\u00fcn\u00fcn ekrana yans\u0131t\u0131lmas\u0131 \u00fczerine de Cumhurba\u015fkan\u0131 Erdo\u011fan, k\u00f6pr\u00fcn\u00fcn mimarisinin de b\u00f6lgeye ayr\u0131 bir g\u00fczellik katt\u0131\u011f\u0131n\u0131 belirterek, \u201cK\u00f6pr\u00fc F\u0131rat\u2019a, Elaz\u0131\u011f\u2019a ve Malatya\u2019ya ayr\u0131 bir g\u00fczellik katacak\u201d ifadesini kulland\u0131.<\/p>\n<p>&nbsp;<\/p>\n","protected":false},"excerpt":{"rendered":"<p>Cumhurba\u015fkan\u0131 Erdo\u011fan, K\u00f6m\u00fcrhan K\u00f6pr\u00fcs\u00fc ve T\u00fcnelleri a\u00e7\u0131l\u0131\u015f\u0131nda yapt\u0131\u011f\u0131 konu\u015fmada, \u201c\u00dclkemizdeki t\u00fcm kesimlerin kat\u0131l\u0131m\u0131yla, b\u00fcy\u00fck ve g\u00fc\u00e7l\u00fc T\u00fcrkiye\u2019nin in\u015fas\u0131 i\u00e7in gereken ad\u0131mlar\u0131 milletimizle birlikte ataca\u011f\u0131z. Ekonomide ve hukukta yapaca\u011f\u0131m\u0131z reformlarla, \u00fclkemizi yat\u0131r\u0131m, \u00fcretim, istihdam, \u00f6zg\u00fcrl\u00fckler bak\u0131m\u0131ndan geli\u015ftirerek, hedeflerimize daha kolayca ula\u015fabilece\u011fimiz bir iklim olu\u015fturmakta kararl\u0131y\u0131z\u201d dedi. Cumhurba\u015fkan\u0131 Recep Tayyip Erdo\u011fan, K\u00f6m\u00fcrhan K\u00f6pr\u00fcs\u00fc ve T\u00fcnelleri A\u00e7\u0131l\u0131\u015f T\u00f6renine, [&hellip;]<\/p>\n","protected":false},"author":1,"featured_media":832,"comment_status":"open","ping_status":"open","sticky":false,"template":"","format":"standard","meta":{"om_disable_all_campaigns":false,"_monsterinsights_skip_tracking":false,"_monsterinsights_sitenote_active":false,"_monsterinsights_sitenote_note":"","_monsterinsights_sitenote_category":0,"_uf_show_specific_survey":0,"_uf_disable_surveys":false,"footnotes":""},"categories":[145],"tags":[],"class_list":["post-831","post","type-post","status-publish","format-standard","has-post-thumbnail","hentry","category-ekonomi"],"aioseo_notices":[],"yoast_head":"<!-- This site is optimized with the Yoast SEO plugin v27.5 - https:\/\/yoast.com\/product\/yoast-seo-wordpress\/ -->\n<title>keskin, haber<\/title>\n<meta name=\"description\" content=\"Keskin-Haberleri,K\u0131r\u0131kkale-Haber,Keskin_Belediyesi,K\u0131r\u0131kkale-Gezilecek-Yerler,K\u0131r\u0131kkale-G\u00fcndem\" \/>\n<meta name=\"robots\" content=\"index, follow, max-snippet:-1, max-image-preview:large, max-video-preview:-1\" \/>\n<link rel=\"canonical\" href=\"https:\/\/keskinhaber.com\/index.php\/2021\/01\/03\/buyuk-ve-guclu-turkiyenin-insasi-icin-gereken-adimlari-milletimizle-birlikte-atacagiz\/\" \/>\n<meta property=\"og:locale\" content=\"tr_TR\" \/>\n<meta property=\"og:type\" content=\"article\" \/>\n<meta property=\"og:title\" content=\"keskin, haber\" \/>\n<meta property=\"og:description\" content=\"Keskin-Haberleri,K\u0131r\u0131kkale-Haber,Keskin_Belediyesi,K\u0131r\u0131kkale-Gezilecek-Yerler,K\u0131r\u0131kkale-G\u00fcndem\" \/>\n<meta property=\"og:url\" content=\"https:\/\/keskinhaber.com\/index.php\/2021\/01\/03\/buyuk-ve-guclu-turkiyenin-insasi-icin-gereken-adimlari-milletimizle-birlikte-atacagiz\/\" \/>\n<meta property=\"og:site_name\" content=\"Keskin Haber\" \/>\n<meta property=\"article:publisher\" content=\"https:\/\/www.facebook.com\/KeskinFM\" \/>\n<meta property=\"article:published_time\" content=\"2021-01-03T16:21:02+00:00\" \/>\n<meta property=\"og:image\" content=\"https:\/\/keskinhaber.com\/wp-content\/uploads\/2021\/01\/2021-01-02-kopru.jpg\" \/>\n\t<meta property=\"og:image:width\" content=\"500\" \/>\n\t<meta property=\"og:image:height\" content=\"375\" \/>\n\t<meta property=\"og:image:type\" content=\"image\/jpeg\" \/>\n<meta name=\"author\" content=\"admin\" \/>\n<meta name=\"twitter:card\" content=\"summary_large_image\" \/>\n<meta name=\"twitter:creator\" content=\"@keskinhaber\" \/>\n<meta name=\"twitter:site\" content=\"@keskinhaber\" \/>\n<meta name=\"twitter:label1\" content=\"Yazan:\" \/>\n\t<meta name=\"twitter:data1\" content=\"admin\" \/>\n\t<meta name=\"twitter:label2\" content=\"Tahmini okuma s\u00fcresi\" \/>\n\t<meta name=\"twitter:data2\" content=\"8 dakika\" \/>\n<script type=\"application\/ld+json\" class=\"yoast-schema-graph\">{\"@context\":\"https:\\\/\\\/schema.org\",\"@graph\":[{\"@type\":\"Article\",\"@id\":\"https:\\\/\\\/keskinhaber.com\\\/index.php\\\/2021\\\/01\\\/03\\\/buyuk-ve-guclu-turkiyenin-insasi-icin-gereken-adimlari-milletimizle-birlikte-atacagiz\\\/#article\",\"isPartOf\":{\"@id\":\"https:\\\/\\\/keskinhaber.com\\\/index.php\\\/2021\\\/01\\\/03\\\/buyuk-ve-guclu-turkiyenin-insasi-icin-gereken-adimlari-milletimizle-birlikte-atacagiz\\\/\"},\"author\":{\"name\":\"admin\",\"@id\":\"https:\\\/\\\/keskinhaber.com\\\/#\\\/schema\\\/person\\\/895eaf7fdaa84e6aa6e66cb81cb43d15\"},\"headline\":\"\u201cB\u00fcy\u00fck ve g\u00fc\u00e7l\u00fc T\u00fcrkiye&#8217;nin in\u015fas\u0131 i\u00e7in gereken ad\u0131mlar\u0131 milletimizle birlikte ataca\u011f\u0131z\u201d\",\"datePublished\":\"2021-01-03T16:21:02+00:00\",\"mainEntityOfPage\":{\"@id\":\"https:\\\/\\\/keskinhaber.com\\\/index.php\\\/2021\\\/01\\\/03\\\/buyuk-ve-guclu-turkiyenin-insasi-icin-gereken-adimlari-milletimizle-birlikte-atacagiz\\\/\"},\"wordCount\":1659,\"commentCount\":0,\"publisher\":{\"@id\":\"https:\\\/\\\/keskinhaber.com\\\/#organization\"},\"image\":{\"@id\":\"https:\\\/\\\/keskinhaber.com\\\/index.php\\\/2021\\\/01\\\/03\\\/buyuk-ve-guclu-turkiyenin-insasi-icin-gereken-adimlari-milletimizle-birlikte-atacagiz\\\/#primaryimage\"},\"thumbnailUrl\":\"https:\\\/\\\/keskinhaber.com\\\/wp-content\\\/uploads\\\/2021\\\/01\\\/2021-01-02-kopru.jpg\",\"articleSection\":[\"Ekonomi\"],\"inLanguage\":\"tr\",\"potentialAction\":[{\"@type\":\"CommentAction\",\"name\":\"Comment\",\"target\":[\"https:\\\/\\\/keskinhaber.com\\\/index.php\\\/2021\\\/01\\\/03\\\/buyuk-ve-guclu-turkiyenin-insasi-icin-gereken-adimlari-milletimizle-birlikte-atacagiz\\\/#respond\"]}]},{\"@type\":\"WebPage\",\"@id\":\"https:\\\/\\\/keskinhaber.com\\\/index.php\\\/2021\\\/01\\\/03\\\/buyuk-ve-guclu-turkiyenin-insasi-icin-gereken-adimlari-milletimizle-birlikte-atacagiz\\\/\",\"url\":\"https:\\\/\\\/keskinhaber.com\\\/index.php\\\/2021\\\/01\\\/03\\\/buyuk-ve-guclu-turkiyenin-insasi-icin-gereken-adimlari-milletimizle-birlikte-atacagiz\\\/\",\"name\":\"keskin, haber\",\"isPartOf\":{\"@id\":\"https:\\\/\\\/keskinhaber.com\\\/#website\"},\"primaryImageOfPage\":{\"@id\":\"https:\\\/\\\/keskinhaber.com\\\/index.php\\\/2021\\\/01\\\/03\\\/buyuk-ve-guclu-turkiyenin-insasi-icin-gereken-adimlari-milletimizle-birlikte-atacagiz\\\/#primaryimage\"},\"image\":{\"@id\":\"https:\\\/\\\/keskinhaber.com\\\/index.php\\\/2021\\\/01\\\/03\\\/buyuk-ve-guclu-turkiyenin-insasi-icin-gereken-adimlari-milletimizle-birlikte-atacagiz\\\/#primaryimage\"},\"thumbnailUrl\":\"https:\\\/\\\/keskinhaber.com\\\/wp-content\\\/uploads\\\/2021\\\/01\\\/2021-01-02-kopru.jpg\",\"datePublished\":\"2021-01-03T16:21:02+00:00\",\"description\":\"Keskin-Haberleri,K\u0131r\u0131kkale-Haber,Keskin_Belediyesi,K\u0131r\u0131kkale-Gezilecek-Yerler,K\u0131r\u0131kkale-G\u00fcndem\",\"breadcrumb\":{\"@id\":\"https:\\\/\\\/keskinhaber.com\\\/index.php\\\/2021\\\/01\\\/03\\\/buyuk-ve-guclu-turkiyenin-insasi-icin-gereken-adimlari-milletimizle-birlikte-atacagiz\\\/#breadcrumb\"},\"inLanguage\":\"tr\",\"potentialAction\":[{\"@type\":\"ReadAction\",\"target\":[\"https:\\\/\\\/keskinhaber.com\\\/index.php\\\/2021\\\/01\\\/03\\\/buyuk-ve-guclu-turkiyenin-insasi-icin-gereken-adimlari-milletimizle-birlikte-atacagiz\\\/\"]}]},{\"@type\":\"ImageObject\",\"inLanguage\":\"tr\",\"@id\":\"https:\\\/\\\/keskinhaber.com\\\/index.php\\\/2021\\\/01\\\/03\\\/buyuk-ve-guclu-turkiyenin-insasi-icin-gereken-adimlari-milletimizle-birlikte-atacagiz\\\/#primaryimage\",\"url\":\"https:\\\/\\\/keskinhaber.com\\\/wp-content\\\/uploads\\\/2021\\\/01\\\/2021-01-02-kopru.jpg\",\"contentUrl\":\"https:\\\/\\\/keskinhaber.com\\\/wp-content\\\/uploads\\\/2021\\\/01\\\/2021-01-02-kopru.jpg\",\"width\":500,\"height\":375},{\"@type\":\"BreadcrumbList\",\"@id\":\"https:\\\/\\\/keskinhaber.com\\\/index.php\\\/2021\\\/01\\\/03\\\/buyuk-ve-guclu-turkiyenin-insasi-icin-gereken-adimlari-milletimizle-birlikte-atacagiz\\\/#breadcrumb\",\"itemListElement\":[{\"@type\":\"ListItem\",\"position\":1,\"name\":\"Home\",\"item\":\"https:\\\/\\\/keskinhaber.com\\\/\"},{\"@type\":\"ListItem\",\"position\":2,\"name\":\"\u201cB\u00fcy\u00fck ve g\u00fc\u00e7l\u00fc T\u00fcrkiye&#8217;nin in\u015fas\u0131 i\u00e7in gereken ad\u0131mlar\u0131 milletimizle birlikte ataca\u011f\u0131z\u201d\"}]},{\"@type\":\"WebSite\",\"@id\":\"https:\\\/\\\/keskinhaber.com\\\/#website\",\"url\":\"https:\\\/\\\/keskinhaber.com\\\/\",\"name\":\"Keskin Haber\",\"description\":\"Tarafs\u0131z Haberin Merkezi\",\"publisher\":{\"@id\":\"https:\\\/\\\/keskinhaber.com\\\/#organization\"},\"alternateName\":\"keskinhaber\",\"potentialAction\":[{\"@type\":\"SearchAction\",\"target\":{\"@type\":\"EntryPoint\",\"urlTemplate\":\"https:\\\/\\\/keskinhaber.com\\\/?s={search_term_string}\"},\"query-input\":{\"@type\":\"PropertyValueSpecification\",\"valueRequired\":true,\"valueName\":\"search_term_string\"}}],\"inLanguage\":\"tr\"},{\"@type\":\"Organization\",\"@id\":\"https:\\\/\\\/keskinhaber.com\\\/#organization\",\"name\":\"Keskin Haber-Tarafs\u0131z Haberin Merkezi\",\"alternateName\":\"keskinhaber\",\"url\":\"https:\\\/\\\/keskinhaber.com\\\/\",\"logo\":{\"@type\":\"ImageObject\",\"inLanguage\":\"tr\",\"@id\":\"https:\\\/\\\/keskinhaber.com\\\/#\\\/schema\\\/logo\\\/image\\\/\",\"url\":\"https:\\\/\\\/keskinhaber.com\\\/wp-content\\\/uploads\\\/2020\\\/12\\\/keskin-haber-logo.png\",\"contentUrl\":\"https:\\\/\\\/keskinhaber.com\\\/wp-content\\\/uploads\\\/2020\\\/12\\\/keskin-haber-logo.png\",\"width\":229,\"height\":40,\"caption\":\"Keskin Haber-Tarafs\u0131z Haberin Merkezi\"},\"image\":{\"@id\":\"https:\\\/\\\/keskinhaber.com\\\/#\\\/schema\\\/logo\\\/image\\\/\"},\"sameAs\":[\"https:\\\/\\\/www.facebook.com\\\/KeskinFM\",\"https:\\\/\\\/x.com\\\/keskinhaber\"]},{\"@type\":\"Person\",\"@id\":\"https:\\\/\\\/keskinhaber.com\\\/#\\\/schema\\\/person\\\/895eaf7fdaa84e6aa6e66cb81cb43d15\",\"name\":\"admin\",\"image\":{\"@type\":\"ImageObject\",\"inLanguage\":\"tr\",\"@id\":\"https:\\\/\\\/secure.gravatar.com\\\/avatar\\\/638399cc6c046cab6b781ba08137f90e3c088d731afee2cc8e755ee107e4ced8?s=96&d=mm&r=g\",\"url\":\"https:\\\/\\\/secure.gravatar.com\\\/avatar\\\/638399cc6c046cab6b781ba08137f90e3c088d731afee2cc8e755ee107e4ced8?s=96&d=mm&r=g\",\"contentUrl\":\"https:\\\/\\\/secure.gravatar.com\\\/avatar\\\/638399cc6c046cab6b781ba08137f90e3c088d731afee2cc8e755ee107e4ced8?s=96&d=mm&r=g\",\"caption\":\"admin\"},\"sameAs\":[\"https:\\\/\\\/keskinhaber.com\"]}]}<\/script>\n<!-- \/ Yoast SEO plugin. -->","yoast_head_json":{"title":"keskin, haber","description":"Keskin-Haberleri,K\u0131r\u0131kkale-Haber,Keskin_Belediyesi,K\u0131r\u0131kkale-Gezilecek-Yerler,K\u0131r\u0131kkale-G\u00fcndem","robots":{"index":"index","follow":"follow","max-snippet":"max-snippet:-1","max-image-preview":"max-image-preview:large","max-video-preview":"max-video-preview:-1"},"canonical":"https:\/\/keskinhaber.com\/index.php\/2021\/01\/03\/buyuk-ve-guclu-turkiyenin-insasi-icin-gereken-adimlari-milletimizle-birlikte-atacagiz\/","og_locale":"tr_TR","og_type":"article","og_title":"keskin, haber","og_description":"Keskin-Haberleri,K\u0131r\u0131kkale-Haber,Keskin_Belediyesi,K\u0131r\u0131kkale-Gezilecek-Yerler,K\u0131r\u0131kkale-G\u00fcndem","og_url":"https:\/\/keskinhaber.com\/index.php\/2021\/01\/03\/buyuk-ve-guclu-turkiyenin-insasi-icin-gereken-adimlari-milletimizle-birlikte-atacagiz\/","og_site_name":"Keskin Haber","article_publisher":"https:\/\/www.facebook.com\/KeskinFM","article_published_time":"2021-01-03T16:21:02+00:00","og_image":[{"width":500,"height":375,"url":"https:\/\/keskinhaber.com\/wp-content\/uploads\/2021\/01\/2021-01-02-kopru.jpg","type":"image\/jpeg"}],"author":"admin","twitter_card":"summary_large_image","twitter_creator":"@keskinhaber","twitter_site":"@keskinhaber","twitter_misc":{"Yazan:":"admin","Tahmini okuma s\u00fcresi":"8 dakika"},"schema":{"@context":"https:\/\/schema.org","@graph":[{"@type":"Article","@id":"https:\/\/keskinhaber.com\/index.php\/2021\/01\/03\/buyuk-ve-guclu-turkiyenin-insasi-icin-gereken-adimlari-milletimizle-birlikte-atacagiz\/#article","isPartOf":{"@id":"https:\/\/keskinhaber.com\/index.php\/2021\/01\/03\/buyuk-ve-guclu-turkiyenin-insasi-icin-gereken-adimlari-milletimizle-birlikte-atacagiz\/"},"author":{"name":"admin","@id":"https:\/\/keskinhaber.com\/#\/schema\/person\/895eaf7fdaa84e6aa6e66cb81cb43d15"},"headline":"\u201cB\u00fcy\u00fck ve g\u00fc\u00e7l\u00fc T\u00fcrkiye&#8217;nin in\u015fas\u0131 i\u00e7in gereken ad\u0131mlar\u0131 milletimizle birlikte ataca\u011f\u0131z\u201d","datePublished":"2021-01-03T16:21:02+00:00","mainEntityOfPage":{"@id":"https:\/\/keskinhaber.com\/index.php\/2021\/01\/03\/buyuk-ve-guclu-turkiyenin-insasi-icin-gereken-adimlari-milletimizle-birlikte-atacagiz\/"},"wordCount":1659,"commentCount":0,"publisher":{"@id":"https:\/\/keskinhaber.com\/#organization"},"image":{"@id":"https:\/\/keskinhaber.com\/index.php\/2021\/01\/03\/buyuk-ve-guclu-turkiyenin-insasi-icin-gereken-adimlari-milletimizle-birlikte-atacagiz\/#primaryimage"},"thumbnailUrl":"https:\/\/keskinhaber.com\/wp-content\/uploads\/2021\/01\/2021-01-02-kopru.jpg","articleSection":["Ekonomi"],"inLanguage":"tr","potentialAction":[{"@type":"CommentAction","name":"Comment","target":["https:\/\/keskinhaber.com\/index.php\/2021\/01\/03\/buyuk-ve-guclu-turkiyenin-insasi-icin-gereken-adimlari-milletimizle-birlikte-atacagiz\/#respond"]}]},{"@type":"WebPage","@id":"https:\/\/keskinhaber.com\/index.php\/2021\/01\/03\/buyuk-ve-guclu-turkiyenin-insasi-icin-gereken-adimlari-milletimizle-birlikte-atacagiz\/","url":"https:\/\/keskinhaber.com\/index.php\/2021\/01\/03\/buyuk-ve-guclu-turkiyenin-insasi-icin-gereken-adimlari-milletimizle-birlikte-atacagiz\/","name":"keskin, haber","isPartOf":{"@id":"https:\/\/keskinhaber.com\/#website"},"primaryImageOfPage":{"@id":"https:\/\/keskinhaber.com\/index.php\/2021\/01\/03\/buyuk-ve-guclu-turkiyenin-insasi-icin-gereken-adimlari-milletimizle-birlikte-atacagiz\/#primaryimage"},"image":{"@id":"https:\/\/keskinhaber.com\/index.php\/2021\/01\/03\/buyuk-ve-guclu-turkiyenin-insasi-icin-gereken-adimlari-milletimizle-birlikte-atacagiz\/#primaryimage"},"thumbnailUrl":"https:\/\/keskinhaber.com\/wp-content\/uploads\/2021\/01\/2021-01-02-kopru.jpg","datePublished":"2021-01-03T16:21:02+00:00","description":"Keskin-Haberleri,K\u0131r\u0131kkale-Haber,Keskin_Belediyesi,K\u0131r\u0131kkale-Gezilecek-Yerler,K\u0131r\u0131kkale-G\u00fcndem","breadcrumb":{"@id":"https:\/\/keskinhaber.com\/index.php\/2021\/01\/03\/buyuk-ve-guclu-turkiyenin-insasi-icin-gereken-adimlari-milletimizle-birlikte-atacagiz\/#breadcrumb"},"inLanguage":"tr","potentialAction":[{"@type":"ReadAction","target":["https:\/\/keskinhaber.com\/index.php\/2021\/01\/03\/buyuk-ve-guclu-turkiyenin-insasi-icin-gereken-adimlari-milletimizle-birlikte-atacagiz\/"]}]},{"@type":"ImageObject","inLanguage":"tr","@id":"https:\/\/keskinhaber.com\/index.php\/2021\/01\/03\/buyuk-ve-guclu-turkiyenin-insasi-icin-gereken-adimlari-milletimizle-birlikte-atacagiz\/#primaryimage","url":"https:\/\/keskinhaber.com\/wp-content\/uploads\/2021\/01\/2021-01-02-kopru.jpg","contentUrl":"https:\/\/keskinhaber.com\/wp-content\/uploads\/2021\/01\/2021-01-02-kopru.jpg","width":500,"height":375},{"@type":"BreadcrumbList","@id":"https:\/\/keskinhaber.com\/index.php\/2021\/01\/03\/buyuk-ve-guclu-turkiyenin-insasi-icin-gereken-adimlari-milletimizle-birlikte-atacagiz\/#breadcrumb","itemListElement":[{"@type":"ListItem","position":1,"name":"Home","item":"https:\/\/keskinhaber.com\/"},{"@type":"ListItem","position":2,"name":"\u201cB\u00fcy\u00fck ve g\u00fc\u00e7l\u00fc T\u00fcrkiye&#8217;nin in\u015fas\u0131 i\u00e7in gereken ad\u0131mlar\u0131 milletimizle birlikte ataca\u011f\u0131z\u201d"}]},{"@type":"WebSite","@id":"https:\/\/keskinhaber.com\/#website","url":"https:\/\/keskinhaber.com\/","name":"Keskin Haber","description":"Tarafs\u0131z Haberin Merkezi","publisher":{"@id":"https:\/\/keskinhaber.com\/#organization"},"alternateName":"keskinhaber","potentialAction":[{"@type":"SearchAction","target":{"@type":"EntryPoint","urlTemplate":"https:\/\/keskinhaber.com\/?s={search_term_string}"},"query-input":{"@type":"PropertyValueSpecification","valueRequired":true,"valueName":"search_term_string"}}],"inLanguage":"tr"},{"@type":"Organization","@id":"https:\/\/keskinhaber.com\/#organization","name":"Keskin Haber-Tarafs\u0131z Haberin Merkezi","alternateName":"keskinhaber","url":"https:\/\/keskinhaber.com\/","logo":{"@type":"ImageObject","inLanguage":"tr","@id":"https:\/\/keskinhaber.com\/#\/schema\/logo\/image\/","url":"https:\/\/keskinhaber.com\/wp-content\/uploads\/2020\/12\/keskin-haber-logo.png","contentUrl":"https:\/\/keskinhaber.com\/wp-content\/uploads\/2020\/12\/keskin-haber-logo.png","width":229,"height":40,"caption":"Keskin Haber-Tarafs\u0131z Haberin Merkezi"},"image":{"@id":"https:\/\/keskinhaber.com\/#\/schema\/logo\/image\/"},"sameAs":["https:\/\/www.facebook.com\/KeskinFM","https:\/\/x.com\/keskinhaber"]},{"@type":"Person","@id":"https:\/\/keskinhaber.com\/#\/schema\/person\/895eaf7fdaa84e6aa6e66cb81cb43d15","name":"admin","image":{"@type":"ImageObject","inLanguage":"tr","@id":"https:\/\/secure.gravatar.com\/avatar\/638399cc6c046cab6b781ba08137f90e3c088d731afee2cc8e755ee107e4ced8?s=96&d=mm&r=g","url":"https:\/\/secure.gravatar.com\/avatar\/638399cc6c046cab6b781ba08137f90e3c088d731afee2cc8e755ee107e4ced8?s=96&d=mm&r=g","contentUrl":"https:\/\/secure.gravatar.com\/avatar\/638399cc6c046cab6b781ba08137f90e3c088d731afee2cc8e755ee107e4ced8?s=96&d=mm&r=g","caption":"admin"},"sameAs":["https:\/\/keskinhaber.com"]}]}},"_links":{"self":[{"href":"https:\/\/keskinhaber.com\/index.php\/wp-json\/wp\/v2\/posts\/831","targetHints":{"allow":["GET"]}}],"collection":[{"href":"https:\/\/keskinhaber.com\/index.php\/wp-json\/wp\/v2\/posts"}],"about":[{"href":"https:\/\/keskinhaber.com\/index.php\/wp-json\/wp\/v2\/types\/post"}],"author":[{"embeddable":true,"href":"https:\/\/keskinhaber.com\/index.php\/wp-json\/wp\/v2\/users\/1"}],"replies":[{"embeddable":true,"href":"https:\/\/keskinhaber.com\/index.php\/wp-json\/wp\/v2\/comments?post=831"}],"version-history":[{"count":1,"href":"https:\/\/keskinhaber.com\/index.php\/wp-json\/wp\/v2\/posts\/831\/revisions"}],"predecessor-version":[{"id":833,"href":"https:\/\/keskinhaber.com\/index.php\/wp-json\/wp\/v2\/posts\/831\/revisions\/833"}],"wp:featuredmedia":[{"embeddable":true,"href":"https:\/\/keskinhaber.com\/index.php\/wp-json\/wp\/v2\/media\/832"}],"wp:attachment":[{"href":"https:\/\/keskinhaber.com\/index.php\/wp-json\/wp\/v2\/media?parent=831"}],"wp:term":[{"taxonomy":"category","embeddable":true,"href":"https:\/\/keskinhaber.com\/index.php\/wp-json\/wp\/v2\/categories?post=831"},{"taxonomy":"post_tag","embeddable":true,"href":"https:\/\/keskinhaber.com\/index.php\/wp-json\/wp\/v2\/tags?post=831"}],"curies":[{"name":"wp","href":"https:\/\/api.w.org\/{rel}","templated":true}]}}