{"id":838,"date":"2021-01-06T16:52:28","date_gmt":"2021-01-06T16:52:28","guid":{"rendered":"https:\/\/keskinhaber.com\/?p=838"},"modified":"2021-01-06T16:52:28","modified_gmt":"2021-01-06T16:52:28","slug":"kirikkale-musiada-yeni-baskan","status":"publish","type":"post","link":"https:\/\/keskinhaber.com\/index.php\/2021\/01\/06\/kirikkale-musiada-yeni-baskan\/","title":{"rendered":"K\u0131r\u0131kkale, M\u00dcS\u0130AD&#8217;a yeni ba\u015fkan"},"content":{"rendered":"<h1>K\u0131r\u0131kkale, M\u00dcS\u0130AD&#8217;a yeni ba\u015fkan<\/h1>\n<h2>M\u00fcstakil Sanayici ve \u0130\u015fadamlar\u0131 Derne\u011fi (M\u00dcS\u0130AD) Ba\u015fkan\u0131 Mustafa Kaplan&#8217;\u0131n AK Parti \u0130l Ba\u015fkan\u0131 olmas\u0131n\u0131n ard\u0131ndan M\u00dcS\u0130AD ba\u015fkanl\u0131k koltu\u011fu bo\u015f kalm\u0131\u015ft\u0131.<\/h2>\n<p>M\u00fcstakil Sanayici ve \u0130\u015fadamlar\u0131 Derne\u011fi (M\u00dcS\u0130AD) Ba\u015fkan\u0131 Mustafa Kaplan&#8217;\u0131n AK Parti \u0130l Ba\u015fkan\u0131 olmas\u0131n\u0131n ard\u0131ndan bo\u015f kalan koltu\u011fa Ba\u015fkan Yard\u0131mc\u0131s\u0131 Ahmet \u00c7etin M\u00dcS\u0130AD il ba\u015fkan\u0131 olarak atand\u0131.<\/p>\n<p>M\u00fcstakil Sanayici ve \u0130\u015fadamlar\u0131 Derne\u011fi (M\u00dcS\u0130AD) taraf\u0131ndan ba\u015fkan atamas\u0131 yap\u0131ld\u0131.<\/p>\n<p>Mevcut Ba\u015fkan Mustafa Kaplan&#8217;\u0131n Ak Parti \u0130l Ba\u015fkan\u0131 olmas\u0131n\u0131n ard\u0131ndan M\u00dcS\u0130AD il ba\u015fkanl\u0131\u011f\u0131na Ahmet \u00e7etin atand\u0131. \u00c7etin \u00f6n\u00fcm\u00fczdeki g\u00fcnlerde g\u00f6revine ba\u015flayaca\u011f\u0131 \u00f6\u011frenildi<\/p>\n<p>&nbsp;<\/p>\n","protected":false},"excerpt":{"rendered":"<p>K\u0131r\u0131kkale, M\u00dcS\u0130AD&#8217;a yeni ba\u015fkan M\u00fcstakil Sanayici ve \u0130\u015fadamlar\u0131 Derne\u011fi (M\u00dcS\u0130AD) Ba\u015fkan\u0131 Mustafa Kaplan&#8217;\u0131n AK Parti \u0130l Ba\u015fkan\u0131 olmas\u0131n\u0131n ard\u0131ndan M\u00dcS\u0130AD ba\u015fkanl\u0131k koltu\u011fu bo\u015f kalm\u0131\u015ft\u0131. M\u00fcstakil Sanayici ve \u0130\u015fadamlar\u0131 Derne\u011fi (M\u00dcS\u0130AD) Ba\u015fkan\u0131 Mustafa Kaplan&#8217;\u0131n AK Parti \u0130l Ba\u015fkan\u0131 olmas\u0131n\u0131n ard\u0131ndan bo\u015f kalan koltu\u011fa Ba\u015fkan Yard\u0131mc\u0131s\u0131 Ahmet \u00c7etin M\u00dcS\u0130AD il ba\u015fkan\u0131 olarak atand\u0131. M\u00fcstakil Sanayici ve \u0130\u015fadamlar\u0131 [&hellip;]<\/p>\n","protected":false},"author":1,"featured_media":839,"comment_status":"open","ping_status":"open","sticky":false,"template":"","format":"standard","meta":{"om_disable_all_campaigns":false,"_monsterinsights_skip_tracking":false,"_monsterinsights_sitenote_active":false,"_monsterinsights_sitenote_note":"","_monsterinsights_sitenote_category":0,"_uf_show_specific_survey":0,"_uf_disable_surveys":false,"footnotes":""},"categories":[40],"tags":[],"class_list":["post-838","post","type-post","status-publish","format-standard","has-post-thumbnail","hentry","category-guncel"],"aioseo_notices":[],"yoast_head":"<!-- This site is optimized with the Yoast SEO plugin v27.5 - https:\/\/yoast.com\/product\/yoast-seo-wordpress\/ -->\n<title>keskin, haber<\/title>\n<meta name=\"description\" content=\"M\u00fcstakil Sanayici ve \u0130\u015fadamlar\u0131 Derne\u011fi (M\u00dcS\u0130AD) Ba\u015fkan\u0131 Mustafa Kaplan&#039;\u0131n AK Parti \u0130l Ba\u015fkan\u0131 olmas\u0131n\u0131n ard\u0131ndan M\u00dcS\u0130AD ba\u015fkanl\u0131k koltu\u011fu bo\u015f kalm\u0131\u015ft\u0131.\" \/>\n<meta name=\"robots\" content=\"index, follow, max-snippet:-1, max-image-preview:large, max-video-preview:-1\" \/>\n<link rel=\"canonical\" href=\"https:\/\/keskinhaber.com\/index.php\/2021\/01\/06\/kirikkale-musiada-yeni-baskan\/\" \/>\n<meta property=\"og:locale\" content=\"tr_TR\" \/>\n<meta property=\"og:type\" content=\"article\" \/>\n<meta property=\"og:title\" content=\"keskin, haber\" \/>\n<meta property=\"og:description\" content=\"M\u00fcstakil Sanayici ve \u0130\u015fadamlar\u0131 Derne\u011fi (M\u00dcS\u0130AD) Ba\u015fkan\u0131 Mustafa Kaplan&#039;\u0131n AK Parti \u0130l Ba\u015fkan\u0131 olmas\u0131n\u0131n ard\u0131ndan M\u00dcS\u0130AD ba\u015fkanl\u0131k koltu\u011fu bo\u015f kalm\u0131\u015ft\u0131.\" \/>\n<meta property=\"og:url\" content=\"https:\/\/keskinhaber.com\/index.php\/2021\/01\/06\/kirikkale-musiada-yeni-baskan\/\" \/>\n<meta property=\"og:site_name\" content=\"Keskin Haber\" \/>\n<meta property=\"article:publisher\" content=\"https:\/\/www.facebook.com\/KeskinFM\" \/>\n<meta property=\"article:published_time\" content=\"2021-01-06T16:52:28+00:00\" \/>\n<meta property=\"og:image\" content=\"https:\/\/keskinhaber.com\/wp-content\/uploads\/2021\/01\/ah-cetin1.jpg\" \/>\n\t<meta property=\"og:image:width\" content=\"811\" \/>\n\t<meta property=\"og:image:height\" content=\"540\" \/>\n\t<meta property=\"og:image:type\" content=\"image\/jpeg\" \/>\n<meta name=\"author\" content=\"admin\" \/>\n<meta name=\"twitter:card\" content=\"summary_large_image\" \/>\n<meta name=\"twitter:creator\" content=\"@keskinhaber\" \/>\n<meta name=\"twitter:site\" content=\"@keskinhaber\" \/>\n<meta name=\"twitter:label1\" content=\"Yazan:\" \/>\n\t<meta name=\"twitter:data1\" content=\"admin\" \/>\n\t<meta name=\"twitter:label2\" content=\"Tahmini okuma s\u00fcresi\" \/>\n\t<meta name=\"twitter:data2\" content=\"1 dakika\" \/>\n<script type=\"application\/ld+json\" class=\"yoast-schema-graph\">{\"@context\":\"https:\\\/\\\/schema.org\",\"@graph\":[{\"@type\":\"Article\",\"@id\":\"https:\\\/\\\/keskinhaber.com\\\/index.php\\\/2021\\\/01\\\/06\\\/kirikkale-musiada-yeni-baskan\\\/#article\",\"isPartOf\":{\"@id\":\"https:\\\/\\\/keskinhaber.com\\\/index.php\\\/2021\\\/01\\\/06\\\/kirikkale-musiada-yeni-baskan\\\/\"},\"author\":{\"name\":\"admin\",\"@id\":\"https:\\\/\\\/keskinhaber.com\\\/#\\\/schema\\\/person\\\/895eaf7fdaa84e6aa6e66cb81cb43d15\"},\"headline\":\"K\u0131r\u0131kkale, M\u00dcS\u0130AD&#8217;a yeni ba\u015fkan\",\"datePublished\":\"2021-01-06T16:52:28+00:00\",\"mainEntityOfPage\":{\"@id\":\"https:\\\/\\\/keskinhaber.com\\\/index.php\\\/2021\\\/01\\\/06\\\/kirikkale-musiada-yeni-baskan\\\/\"},\"wordCount\":153,\"commentCount\":0,\"publisher\":{\"@id\":\"https:\\\/\\\/keskinhaber.com\\\/#organization\"},\"image\":{\"@id\":\"https:\\\/\\\/keskinhaber.com\\\/index.php\\\/2021\\\/01\\\/06\\\/kirikkale-musiada-yeni-baskan\\\/#primaryimage\"},\"thumbnailUrl\":\"https:\\\/\\\/keskinhaber.com\\\/wp-content\\\/uploads\\\/2021\\\/01\\\/ah-cetin1.jpg\",\"articleSection\":[\"G\u00fcncel\"],\"inLanguage\":\"tr\",\"potentialAction\":[{\"@type\":\"CommentAction\",\"name\":\"Comment\",\"target\":[\"https:\\\/\\\/keskinhaber.com\\\/index.php\\\/2021\\\/01\\\/06\\\/kirikkale-musiada-yeni-baskan\\\/#respond\"]}]},{\"@type\":\"WebPage\",\"@id\":\"https:\\\/\\\/keskinhaber.com\\\/index.php\\\/2021\\\/01\\\/06\\\/kirikkale-musiada-yeni-baskan\\\/\",\"url\":\"https:\\\/\\\/keskinhaber.com\\\/index.php\\\/2021\\\/01\\\/06\\\/kirikkale-musiada-yeni-baskan\\\/\",\"name\":\"keskin, haber\",\"isPartOf\":{\"@id\":\"https:\\\/\\\/keskinhaber.com\\\/#website\"},\"primaryImageOfPage\":{\"@id\":\"https:\\\/\\\/keskinhaber.com\\\/index.php\\\/2021\\\/01\\\/06\\\/kirikkale-musiada-yeni-baskan\\\/#primaryimage\"},\"image\":{\"@id\":\"https:\\\/\\\/keskinhaber.com\\\/index.php\\\/2021\\\/01\\\/06\\\/kirikkale-musiada-yeni-baskan\\\/#primaryimage\"},\"thumbnailUrl\":\"https:\\\/\\\/keskinhaber.com\\\/wp-content\\\/uploads\\\/2021\\\/01\\\/ah-cetin1.jpg\",\"datePublished\":\"2021-01-06T16:52:28+00:00\",\"description\":\"M\u00fcstakil Sanayici ve \u0130\u015fadamlar\u0131 Derne\u011fi (M\u00dcS\u0130AD) Ba\u015fkan\u0131 Mustafa Kaplan'\u0131n AK Parti \u0130l Ba\u015fkan\u0131 olmas\u0131n\u0131n ard\u0131ndan M\u00dcS\u0130AD ba\u015fkanl\u0131k koltu\u011fu bo\u015f kalm\u0131\u015ft\u0131.\",\"breadcrumb\":{\"@id\":\"https:\\\/\\\/keskinhaber.com\\\/index.php\\\/2021\\\/01\\\/06\\\/kirikkale-musiada-yeni-baskan\\\/#breadcrumb\"},\"inLanguage\":\"tr\",\"potentialAction\":[{\"@type\":\"ReadAction\",\"target\":[\"https:\\\/\\\/keskinhaber.com\\\/index.php\\\/2021\\\/01\\\/06\\\/kirikkale-musiada-yeni-baskan\\\/\"]}]},{\"@type\":\"ImageObject\",\"inLanguage\":\"tr\",\"@id\":\"https:\\\/\\\/keskinhaber.com\\\/index.php\\\/2021\\\/01\\\/06\\\/kirikkale-musiada-yeni-baskan\\\/#primaryimage\",\"url\":\"https:\\\/\\\/keskinhaber.com\\\/wp-content\\\/uploads\\\/2021\\\/01\\\/ah-cetin1.jpg\",\"contentUrl\":\"https:\\\/\\\/keskinhaber.com\\\/wp-content\\\/uploads\\\/2021\\\/01\\\/ah-cetin1.jpg\",\"width\":811,\"height\":540},{\"@type\":\"BreadcrumbList\",\"@id\":\"https:\\\/\\\/keskinhaber.com\\\/index.php\\\/2021\\\/01\\\/06\\\/kirikkale-musiada-yeni-baskan\\\/#breadcrumb\",\"itemListElement\":[{\"@type\":\"ListItem\",\"position\":1,\"name\":\"Home\",\"item\":\"https:\\\/\\\/keskinhaber.com\\\/\"},{\"@type\":\"ListItem\",\"position\":2,\"name\":\"K\u0131r\u0131kkale, M\u00dcS\u0130AD&#8217;a yeni ba\u015fkan\"}]},{\"@type\":\"WebSite\",\"@id\":\"https:\\\/\\\/keskinhaber.com\\\/#website\",\"url\":\"https:\\\/\\\/keskinhaber.com\\\/\",\"name\":\"Keskin Haber\",\"description\":\"Tarafs\u0131z Haberin Merkezi\",\"publisher\":{\"@id\":\"https:\\\/\\\/keskinhaber.com\\\/#organization\"},\"alternateName\":\"keskinhaber\",\"potentialAction\":[{\"@type\":\"SearchAction\",\"target\":{\"@type\":\"EntryPoint\",\"urlTemplate\":\"https:\\\/\\\/keskinhaber.com\\\/?s={search_term_string}\"},\"query-input\":{\"@type\":\"PropertyValueSpecification\",\"valueRequired\":true,\"valueName\":\"search_term_string\"}}],\"inLanguage\":\"tr\"},{\"@type\":\"Organization\",\"@id\":\"https:\\\/\\\/keskinhaber.com\\\/#organization\",\"name\":\"Keskin Haber-Tarafs\u0131z Haberin Merkezi\",\"alternateName\":\"keskinhaber\",\"url\":\"https:\\\/\\\/keskinhaber.com\\\/\",\"logo\":{\"@type\":\"ImageObject\",\"inLanguage\":\"tr\",\"@id\":\"https:\\\/\\\/keskinhaber.com\\\/#\\\/schema\\\/logo\\\/image\\\/\",\"url\":\"https:\\\/\\\/keskinhaber.com\\\/wp-content\\\/uploads\\\/2020\\\/12\\\/keskin-haber-logo.png\",\"contentUrl\":\"https:\\\/\\\/keskinhaber.com\\\/wp-content\\\/uploads\\\/2020\\\/12\\\/keskin-haber-logo.png\",\"width\":229,\"height\":40,\"caption\":\"Keskin Haber-Tarafs\u0131z Haberin Merkezi\"},\"image\":{\"@id\":\"https:\\\/\\\/keskinhaber.com\\\/#\\\/schema\\\/logo\\\/image\\\/\"},\"sameAs\":[\"https:\\\/\\\/www.facebook.com\\\/KeskinFM\",\"https:\\\/\\\/x.com\\\/keskinhaber\"]},{\"@type\":\"Person\",\"@id\":\"https:\\\/\\\/keskinhaber.com\\\/#\\\/schema\\\/person\\\/895eaf7fdaa84e6aa6e66cb81cb43d15\",\"name\":\"admin\",\"image\":{\"@type\":\"ImageObject\",\"inLanguage\":\"tr\",\"@id\":\"https:\\\/\\\/secure.gravatar.com\\\/avatar\\\/638399cc6c046cab6b781ba08137f90e3c088d731afee2cc8e755ee107e4ced8?s=96&d=mm&r=g\",\"url\":\"https:\\\/\\\/secure.gravatar.com\\\/avatar\\\/638399cc6c046cab6b781ba08137f90e3c088d731afee2cc8e755ee107e4ced8?s=96&d=mm&r=g\",\"contentUrl\":\"https:\\\/\\\/secure.gravatar.com\\\/avatar\\\/638399cc6c046cab6b781ba08137f90e3c088d731afee2cc8e755ee107e4ced8?s=96&d=mm&r=g\",\"caption\":\"admin\"},\"sameAs\":[\"https:\\\/\\\/keskinhaber.com\"]}]}<\/script>\n<!-- \/ Yoast SEO plugin. -->","yoast_head_json":{"title":"keskin, haber","description":"M\u00fcstakil Sanayici ve \u0130\u015fadamlar\u0131 Derne\u011fi (M\u00dcS\u0130AD) Ba\u015fkan\u0131 Mustafa Kaplan'\u0131n AK Parti \u0130l Ba\u015fkan\u0131 olmas\u0131n\u0131n ard\u0131ndan M\u00dcS\u0130AD ba\u015fkanl\u0131k koltu\u011fu bo\u015f kalm\u0131\u015ft\u0131.","robots":{"index":"index","follow":"follow","max-snippet":"max-snippet:-1","max-image-preview":"max-image-preview:large","max-video-preview":"max-video-preview:-1"},"canonical":"https:\/\/keskinhaber.com\/index.php\/2021\/01\/06\/kirikkale-musiada-yeni-baskan\/","og_locale":"tr_TR","og_type":"article","og_title":"keskin, haber","og_description":"M\u00fcstakil Sanayici ve \u0130\u015fadamlar\u0131 Derne\u011fi (M\u00dcS\u0130AD) Ba\u015fkan\u0131 Mustafa Kaplan'\u0131n AK Parti \u0130l Ba\u015fkan\u0131 olmas\u0131n\u0131n ard\u0131ndan M\u00dcS\u0130AD ba\u015fkanl\u0131k koltu\u011fu bo\u015f kalm\u0131\u015ft\u0131.","og_url":"https:\/\/keskinhaber.com\/index.php\/2021\/01\/06\/kirikkale-musiada-yeni-baskan\/","og_site_name":"Keskin Haber","article_publisher":"https:\/\/www.facebook.com\/KeskinFM","article_published_time":"2021-01-06T16:52:28+00:00","og_image":[{"width":811,"height":540,"url":"https:\/\/keskinhaber.com\/wp-content\/uploads\/2021\/01\/ah-cetin1.jpg","type":"image\/jpeg"}],"author":"admin","twitter_card":"summary_large_image","twitter_creator":"@keskinhaber","twitter_site":"@keskinhaber","twitter_misc":{"Yazan:":"admin","Tahmini okuma s\u00fcresi":"1 dakika"},"schema":{"@context":"https:\/\/schema.org","@graph":[{"@type":"Article","@id":"https:\/\/keskinhaber.com\/index.php\/2021\/01\/06\/kirikkale-musiada-yeni-baskan\/#article","isPartOf":{"@id":"https:\/\/keskinhaber.com\/index.php\/2021\/01\/06\/kirikkale-musiada-yeni-baskan\/"},"author":{"name":"admin","@id":"https:\/\/keskinhaber.com\/#\/schema\/person\/895eaf7fdaa84e6aa6e66cb81cb43d15"},"headline":"K\u0131r\u0131kkale, M\u00dcS\u0130AD&#8217;a yeni ba\u015fkan","datePublished":"2021-01-06T16:52:28+00:00","mainEntityOfPage":{"@id":"https:\/\/keskinhaber.com\/index.php\/2021\/01\/06\/kirikkale-musiada-yeni-baskan\/"},"wordCount":153,"commentCount":0,"publisher":{"@id":"https:\/\/keskinhaber.com\/#organization"},"image":{"@id":"https:\/\/keskinhaber.com\/index.php\/2021\/01\/06\/kirikkale-musiada-yeni-baskan\/#primaryimage"},"thumbnailUrl":"https:\/\/keskinhaber.com\/wp-content\/uploads\/2021\/01\/ah-cetin1.jpg","articleSection":["G\u00fcncel"],"inLanguage":"tr","potentialAction":[{"@type":"CommentAction","name":"Comment","target":["https:\/\/keskinhaber.com\/index.php\/2021\/01\/06\/kirikkale-musiada-yeni-baskan\/#respond"]}]},{"@type":"WebPage","@id":"https:\/\/keskinhaber.com\/index.php\/2021\/01\/06\/kirikkale-musiada-yeni-baskan\/","url":"https:\/\/keskinhaber.com\/index.php\/2021\/01\/06\/kirikkale-musiada-yeni-baskan\/","name":"keskin, haber","isPartOf":{"@id":"https:\/\/keskinhaber.com\/#website"},"primaryImageOfPage":{"@id":"https:\/\/keskinhaber.com\/index.php\/2021\/01\/06\/kirikkale-musiada-yeni-baskan\/#primaryimage"},"image":{"@id":"https:\/\/keskinhaber.com\/index.php\/2021\/01\/06\/kirikkale-musiada-yeni-baskan\/#primaryimage"},"thumbnailUrl":"https:\/\/keskinhaber.com\/wp-content\/uploads\/2021\/01\/ah-cetin1.jpg","datePublished":"2021-01-06T16:52:28+00:00","description":"M\u00fcstakil Sanayici ve \u0130\u015fadamlar\u0131 Derne\u011fi (M\u00dcS\u0130AD) Ba\u015fkan\u0131 Mustafa Kaplan'\u0131n AK Parti \u0130l Ba\u015fkan\u0131 olmas\u0131n\u0131n ard\u0131ndan M\u00dcS\u0130AD ba\u015fkanl\u0131k koltu\u011fu bo\u015f kalm\u0131\u015ft\u0131.","breadcrumb":{"@id":"https:\/\/keskinhaber.com\/index.php\/2021\/01\/06\/kirikkale-musiada-yeni-baskan\/#breadcrumb"},"inLanguage":"tr","potentialAction":[{"@type":"ReadAction","target":["https:\/\/keskinhaber.com\/index.php\/2021\/01\/06\/kirikkale-musiada-yeni-baskan\/"]}]},{"@type":"ImageObject","inLanguage":"tr","@id":"https:\/\/keskinhaber.com\/index.php\/2021\/01\/06\/kirikkale-musiada-yeni-baskan\/#primaryimage","url":"https:\/\/keskinhaber.com\/wp-content\/uploads\/2021\/01\/ah-cetin1.jpg","contentUrl":"https:\/\/keskinhaber.com\/wp-content\/uploads\/2021\/01\/ah-cetin1.jpg","width":811,"height":540},{"@type":"BreadcrumbList","@id":"https:\/\/keskinhaber.com\/index.php\/2021\/01\/06\/kirikkale-musiada-yeni-baskan\/#breadcrumb","itemListElement":[{"@type":"ListItem","position":1,"name":"Home","item":"https:\/\/keskinhaber.com\/"},{"@type":"ListItem","position":2,"name":"K\u0131r\u0131kkale, M\u00dcS\u0130AD&#8217;a yeni ba\u015fkan"}]},{"@type":"WebSite","@id":"https:\/\/keskinhaber.com\/#website","url":"https:\/\/keskinhaber.com\/","name":"Keskin Haber","description":"Tarafs\u0131z Haberin Merkezi","publisher":{"@id":"https:\/\/keskinhaber.com\/#organization"},"alternateName":"keskinhaber","potentialAction":[{"@type":"SearchAction","target":{"@type":"EntryPoint","urlTemplate":"https:\/\/keskinhaber.com\/?s={search_term_string}"},"query-input":{"@type":"PropertyValueSpecification","valueRequired":true,"valueName":"search_term_string"}}],"inLanguage":"tr"},{"@type":"Organization","@id":"https:\/\/keskinhaber.com\/#organization","name":"Keskin Haber-Tarafs\u0131z Haberin Merkezi","alternateName":"keskinhaber","url":"https:\/\/keskinhaber.com\/","logo":{"@type":"ImageObject","inLanguage":"tr","@id":"https:\/\/keskinhaber.com\/#\/schema\/logo\/image\/","url":"https:\/\/keskinhaber.com\/wp-content\/uploads\/2020\/12\/keskin-haber-logo.png","contentUrl":"https:\/\/keskinhaber.com\/wp-content\/uploads\/2020\/12\/keskin-haber-logo.png","width":229,"height":40,"caption":"Keskin Haber-Tarafs\u0131z Haberin Merkezi"},"image":{"@id":"https:\/\/keskinhaber.com\/#\/schema\/logo\/image\/"},"sameAs":["https:\/\/www.facebook.com\/KeskinFM","https:\/\/x.com\/keskinhaber"]},{"@type":"Person","@id":"https:\/\/keskinhaber.com\/#\/schema\/person\/895eaf7fdaa84e6aa6e66cb81cb43d15","name":"admin","image":{"@type":"ImageObject","inLanguage":"tr","@id":"https:\/\/secure.gravatar.com\/avatar\/638399cc6c046cab6b781ba08137f90e3c088d731afee2cc8e755ee107e4ced8?s=96&d=mm&r=g","url":"https:\/\/secure.gravatar.com\/avatar\/638399cc6c046cab6b781ba08137f90e3c088d731afee2cc8e755ee107e4ced8?s=96&d=mm&r=g","contentUrl":"https:\/\/secure.gravatar.com\/avatar\/638399cc6c046cab6b781ba08137f90e3c088d731afee2cc8e755ee107e4ced8?s=96&d=mm&r=g","caption":"admin"},"sameAs":["https:\/\/keskinhaber.com"]}]}},"_links":{"self":[{"href":"https:\/\/keskinhaber.com\/index.php\/wp-json\/wp\/v2\/posts\/838","targetHints":{"allow":["GET"]}}],"collection":[{"href":"https:\/\/keskinhaber.com\/index.php\/wp-json\/wp\/v2\/posts"}],"about":[{"href":"https:\/\/keskinhaber.com\/index.php\/wp-json\/wp\/v2\/types\/post"}],"author":[{"embeddable":true,"href":"https:\/\/keskinhaber.com\/index.php\/wp-json\/wp\/v2\/users\/1"}],"replies":[{"embeddable":true,"href":"https:\/\/keskinhaber.com\/index.php\/wp-json\/wp\/v2\/comments?post=838"}],"version-history":[{"count":1,"href":"https:\/\/keskinhaber.com\/index.php\/wp-json\/wp\/v2\/posts\/838\/revisions"}],"predecessor-version":[{"id":840,"href":"https:\/\/keskinhaber.com\/index.php\/wp-json\/wp\/v2\/posts\/838\/revisions\/840"}],"wp:featuredmedia":[{"embeddable":true,"href":"https:\/\/keskinhaber.com\/index.php\/wp-json\/wp\/v2\/media\/839"}],"wp:attachment":[{"href":"https:\/\/keskinhaber.com\/index.php\/wp-json\/wp\/v2\/media?parent=838"}],"wp:term":[{"taxonomy":"category","embeddable":true,"href":"https:\/\/keskinhaber.com\/index.php\/wp-json\/wp\/v2\/categories?post=838"},{"taxonomy":"post_tag","embeddable":true,"href":"https:\/\/keskinhaber.com\/index.php\/wp-json\/wp\/v2\/tags?post=838"}],"curies":[{"name":"wp","href":"https:\/\/api.w.org\/{rel}","templated":true}]}}