{"id":855,"date":"2021-01-11T17:32:49","date_gmt":"2021-01-11T17:32:49","guid":{"rendered":"https:\/\/keskinhaber.com\/?p=855"},"modified":"2021-01-11T17:32:49","modified_gmt":"2021-01-11T17:32:49","slug":"artci-depremler-suruyor","status":"publish","type":"post","link":"https:\/\/keskinhaber.com\/index.php\/2021\/01\/11\/artci-depremler-suruyor\/","title":{"rendered":"ART\u00c7I DEPREMLER S\u00dcR\u00dcYOR"},"content":{"rendered":"<h2>Ankara\u2019n\u0131n Kalecik il\u00e7esinde meydana gelen 4.5\u2019lik depremin ard\u0131ndan alt\u0131 adet sars\u0131nt\u0131 daha kaydedildi.<\/h2>\n<p>AFAD taraf\u0131ndan yap\u0131lan a\u00e7\u0131klamada Ankara Kalecik\u2019te saat 22:53\u2019te yerin 12.95 km derinlikte 4.5 b\u00fcy\u00fckl\u00fc\u011f\u00fcnde deprem meydana gelmi\u015f ve K\u0131r\u0131kkale\u2019de de net bir \u015fekilde hissedilmi\u015fti.<\/p>\n<p><strong>ALTI ADET ART\u00c7I SARSINTI MEYDANA GELD\u0130<\/strong><\/p>\n<p>Saat 22:53\u2019te Ankara\u2019n\u0131n Kalecik il\u00e7esinde meydana gelen 4.5\u2019lik depremin ard\u0131ndan alt\u0131 sars\u0131nt\u0131 daha kaydedildi.<\/p>\n<p>\u0130\u015fte AFAD taraf\u0131ndan a\u00e7\u0131klanan son depremler;<\/p>\n<p><img loading=\"lazy\" decoding=\"async\" class=\"alignnone size-medium wp-image-856\" src=\"https:\/\/keskinhaber.com\/wp-content\/uploads\/2021\/01\/kalecik-deprem-kirikkale-300x170.jpg\" alt=\"\" width=\"300\" height=\"170\" srcset=\"https:\/\/keskinhaber.com\/wp-content\/uploads\/2021\/01\/kalecik-deprem-kirikkale-300x170.jpg 300w, https:\/\/keskinhaber.com\/wp-content\/uploads\/2021\/01\/kalecik-deprem-kirikkale-1024x582.jpg 1024w, https:\/\/keskinhaber.com\/wp-content\/uploads\/2021\/01\/kalecik-deprem-kirikkale-768x436.jpg 768w, https:\/\/keskinhaber.com\/wp-content\/uploads\/2021\/01\/kalecik-deprem-kirikkale-800x450.jpg 800w, https:\/\/keskinhaber.com\/wp-content\/uploads\/2021\/01\/kalecik-deprem-kirikkale.jpg 1139w\" sizes=\"auto, (max-width: 300px) 100vw, 300px\" \/><\/p>\n","protected":false},"excerpt":{"rendered":"<p>Ankara\u2019n\u0131n Kalecik il\u00e7esinde meydana gelen 4.5\u2019lik depremin ard\u0131ndan alt\u0131 adet sars\u0131nt\u0131 daha kaydedildi. AFAD taraf\u0131ndan yap\u0131lan a\u00e7\u0131klamada Ankara Kalecik\u2019te saat 22:53\u2019te yerin 12.95 km derinlikte 4.5 b\u00fcy\u00fckl\u00fc\u011f\u00fcnde deprem meydana gelmi\u015f ve K\u0131r\u0131kkale\u2019de de net bir \u015fekilde hissedilmi\u015fti. ALTI ADET ART\u00c7I SARSINTI MEYDANA GELD\u0130 Saat 22:53\u2019te Ankara\u2019n\u0131n Kalecik il\u00e7esinde meydana gelen 4.5\u2019lik depremin ard\u0131ndan alt\u0131 sars\u0131nt\u0131 [&hellip;]<\/p>\n","protected":false},"author":1,"featured_media":857,"comment_status":"open","ping_status":"open","sticky":false,"template":"","format":"standard","meta":{"om_disable_all_campaigns":false,"_monsterinsights_skip_tracking":false,"_monsterinsights_sitenote_active":false,"_monsterinsights_sitenote_note":"","_monsterinsights_sitenote_category":0,"_uf_show_specific_survey":0,"_uf_disable_surveys":false,"footnotes":""},"categories":[40],"tags":[],"class_list":["post-855","post","type-post","status-publish","format-standard","has-post-thumbnail","hentry","category-guncel"],"aioseo_notices":[],"yoast_head":"<!-- This site is optimized with the Yoast SEO plugin v27.5 - https:\/\/yoast.com\/product\/yoast-seo-wordpress\/ -->\n<title>keskin, haber<\/title>\n<meta name=\"description\" content=\"Ankara\u2019n\u0131n Kalecik il\u00e7esinde meydana gelen 4.5\u2019lik depremin ard\u0131ndan alt\u0131 adet sars\u0131nt\u0131 daha kaydedildi.\" \/>\n<meta name=\"robots\" content=\"index, follow, max-snippet:-1, max-image-preview:large, max-video-preview:-1\" \/>\n<link rel=\"canonical\" href=\"https:\/\/keskinhaber.com\/index.php\/2021\/01\/11\/artci-depremler-suruyor\/\" \/>\n<meta property=\"og:locale\" content=\"tr_TR\" \/>\n<meta property=\"og:type\" content=\"article\" \/>\n<meta property=\"og:title\" content=\"keskin, haber\" \/>\n<meta property=\"og:description\" content=\"Ankara\u2019n\u0131n Kalecik il\u00e7esinde meydana gelen 4.5\u2019lik depremin ard\u0131ndan alt\u0131 adet sars\u0131nt\u0131 daha kaydedildi.\" \/>\n<meta property=\"og:url\" content=\"https:\/\/keskinhaber.com\/index.php\/2021\/01\/11\/artci-depremler-suruyor\/\" \/>\n<meta property=\"og:site_name\" content=\"Keskin Haber\" \/>\n<meta property=\"article:publisher\" content=\"https:\/\/www.facebook.com\/KeskinFM\" \/>\n<meta property=\"article:published_time\" content=\"2021-01-11T17:32:49+00:00\" \/>\n<meta property=\"og:image\" content=\"https:\/\/keskinhaber.com\/wp-content\/uploads\/2021\/01\/kalecik-artci-sarsinti-deprem-haber-kirikkale-736x416-1.jpg\" \/>\n\t<meta property=\"og:image:width\" content=\"736\" \/>\n\t<meta property=\"og:image:height\" content=\"416\" \/>\n\t<meta property=\"og:image:type\" content=\"image\/jpeg\" \/>\n<meta name=\"author\" content=\"admin\" \/>\n<meta name=\"twitter:card\" content=\"summary_large_image\" \/>\n<meta name=\"twitter:creator\" content=\"@keskinhaber\" \/>\n<meta name=\"twitter:site\" content=\"@keskinhaber\" \/>\n<meta name=\"twitter:label1\" content=\"Yazan:\" \/>\n\t<meta name=\"twitter:data1\" content=\"admin\" \/>\n<script type=\"application\/ld+json\" class=\"yoast-schema-graph\">{\"@context\":\"https:\\\/\\\/schema.org\",\"@graph\":[{\"@type\":\"Article\",\"@id\":\"https:\\\/\\\/keskinhaber.com\\\/index.php\\\/2021\\\/01\\\/11\\\/artci-depremler-suruyor\\\/#article\",\"isPartOf\":{\"@id\":\"https:\\\/\\\/keskinhaber.com\\\/index.php\\\/2021\\\/01\\\/11\\\/artci-depremler-suruyor\\\/\"},\"author\":{\"name\":\"admin\",\"@id\":\"https:\\\/\\\/keskinhaber.com\\\/#\\\/schema\\\/person\\\/895eaf7fdaa84e6aa6e66cb81cb43d15\"},\"headline\":\"ART\u00c7I DEPREMLER S\u00dcR\u00dcYOR\",\"datePublished\":\"2021-01-11T17:32:49+00:00\",\"mainEntityOfPage\":{\"@id\":\"https:\\\/\\\/keskinhaber.com\\\/index.php\\\/2021\\\/01\\\/11\\\/artci-depremler-suruyor\\\/\"},\"wordCount\":91,\"commentCount\":0,\"publisher\":{\"@id\":\"https:\\\/\\\/keskinhaber.com\\\/#organization\"},\"image\":{\"@id\":\"https:\\\/\\\/keskinhaber.com\\\/index.php\\\/2021\\\/01\\\/11\\\/artci-depremler-suruyor\\\/#primaryimage\"},\"thumbnailUrl\":\"https:\\\/\\\/keskinhaber.com\\\/wp-content\\\/uploads\\\/2021\\\/01\\\/kalecik-artci-sarsinti-deprem-haber-kirikkale-736x416-1.jpg\",\"articleSection\":[\"G\u00fcncel\"],\"inLanguage\":\"tr\",\"potentialAction\":[{\"@type\":\"CommentAction\",\"name\":\"Comment\",\"target\":[\"https:\\\/\\\/keskinhaber.com\\\/index.php\\\/2021\\\/01\\\/11\\\/artci-depremler-suruyor\\\/#respond\"]}]},{\"@type\":\"WebPage\",\"@id\":\"https:\\\/\\\/keskinhaber.com\\\/index.php\\\/2021\\\/01\\\/11\\\/artci-depremler-suruyor\\\/\",\"url\":\"https:\\\/\\\/keskinhaber.com\\\/index.php\\\/2021\\\/01\\\/11\\\/artci-depremler-suruyor\\\/\",\"name\":\"keskin, haber\",\"isPartOf\":{\"@id\":\"https:\\\/\\\/keskinhaber.com\\\/#website\"},\"primaryImageOfPage\":{\"@id\":\"https:\\\/\\\/keskinhaber.com\\\/index.php\\\/2021\\\/01\\\/11\\\/artci-depremler-suruyor\\\/#primaryimage\"},\"image\":{\"@id\":\"https:\\\/\\\/keskinhaber.com\\\/index.php\\\/2021\\\/01\\\/11\\\/artci-depremler-suruyor\\\/#primaryimage\"},\"thumbnailUrl\":\"https:\\\/\\\/keskinhaber.com\\\/wp-content\\\/uploads\\\/2021\\\/01\\\/kalecik-artci-sarsinti-deprem-haber-kirikkale-736x416-1.jpg\",\"datePublished\":\"2021-01-11T17:32:49+00:00\",\"description\":\"Ankara\u2019n\u0131n Kalecik il\u00e7esinde meydana gelen 4.5\u2019lik depremin ard\u0131ndan alt\u0131 adet sars\u0131nt\u0131 daha kaydedildi.\",\"breadcrumb\":{\"@id\":\"https:\\\/\\\/keskinhaber.com\\\/index.php\\\/2021\\\/01\\\/11\\\/artci-depremler-suruyor\\\/#breadcrumb\"},\"inLanguage\":\"tr\",\"potentialAction\":[{\"@type\":\"ReadAction\",\"target\":[\"https:\\\/\\\/keskinhaber.com\\\/index.php\\\/2021\\\/01\\\/11\\\/artci-depremler-suruyor\\\/\"]}]},{\"@type\":\"ImageObject\",\"inLanguage\":\"tr\",\"@id\":\"https:\\\/\\\/keskinhaber.com\\\/index.php\\\/2021\\\/01\\\/11\\\/artci-depremler-suruyor\\\/#primaryimage\",\"url\":\"https:\\\/\\\/keskinhaber.com\\\/wp-content\\\/uploads\\\/2021\\\/01\\\/kalecik-artci-sarsinti-deprem-haber-kirikkale-736x416-1.jpg\",\"contentUrl\":\"https:\\\/\\\/keskinhaber.com\\\/wp-content\\\/uploads\\\/2021\\\/01\\\/kalecik-artci-sarsinti-deprem-haber-kirikkale-736x416-1.jpg\",\"width\":736,\"height\":416},{\"@type\":\"BreadcrumbList\",\"@id\":\"https:\\\/\\\/keskinhaber.com\\\/index.php\\\/2021\\\/01\\\/11\\\/artci-depremler-suruyor\\\/#breadcrumb\",\"itemListElement\":[{\"@type\":\"ListItem\",\"position\":1,\"name\":\"Home\",\"item\":\"https:\\\/\\\/keskinhaber.com\\\/\"},{\"@type\":\"ListItem\",\"position\":2,\"name\":\"ART\u00c7I DEPREMLER S\u00dcR\u00dcYOR\"}]},{\"@type\":\"WebSite\",\"@id\":\"https:\\\/\\\/keskinhaber.com\\\/#website\",\"url\":\"https:\\\/\\\/keskinhaber.com\\\/\",\"name\":\"Keskin Haber\",\"description\":\"Tarafs\u0131z Haberin Merkezi\",\"publisher\":{\"@id\":\"https:\\\/\\\/keskinhaber.com\\\/#organization\"},\"alternateName\":\"keskinhaber\",\"potentialAction\":[{\"@type\":\"SearchAction\",\"target\":{\"@type\":\"EntryPoint\",\"urlTemplate\":\"https:\\\/\\\/keskinhaber.com\\\/?s={search_term_string}\"},\"query-input\":{\"@type\":\"PropertyValueSpecification\",\"valueRequired\":true,\"valueName\":\"search_term_string\"}}],\"inLanguage\":\"tr\"},{\"@type\":\"Organization\",\"@id\":\"https:\\\/\\\/keskinhaber.com\\\/#organization\",\"name\":\"Keskin Haber-Tarafs\u0131z Haberin Merkezi\",\"alternateName\":\"keskinhaber\",\"url\":\"https:\\\/\\\/keskinhaber.com\\\/\",\"logo\":{\"@type\":\"ImageObject\",\"inLanguage\":\"tr\",\"@id\":\"https:\\\/\\\/keskinhaber.com\\\/#\\\/schema\\\/logo\\\/image\\\/\",\"url\":\"https:\\\/\\\/keskinhaber.com\\\/wp-content\\\/uploads\\\/2020\\\/12\\\/keskin-haber-logo.png\",\"contentUrl\":\"https:\\\/\\\/keskinhaber.com\\\/wp-content\\\/uploads\\\/2020\\\/12\\\/keskin-haber-logo.png\",\"width\":229,\"height\":40,\"caption\":\"Keskin Haber-Tarafs\u0131z Haberin Merkezi\"},\"image\":{\"@id\":\"https:\\\/\\\/keskinhaber.com\\\/#\\\/schema\\\/logo\\\/image\\\/\"},\"sameAs\":[\"https:\\\/\\\/www.facebook.com\\\/KeskinFM\",\"https:\\\/\\\/x.com\\\/keskinhaber\"]},{\"@type\":\"Person\",\"@id\":\"https:\\\/\\\/keskinhaber.com\\\/#\\\/schema\\\/person\\\/895eaf7fdaa84e6aa6e66cb81cb43d15\",\"name\":\"admin\",\"image\":{\"@type\":\"ImageObject\",\"inLanguage\":\"tr\",\"@id\":\"https:\\\/\\\/secure.gravatar.com\\\/avatar\\\/638399cc6c046cab6b781ba08137f90e3c088d731afee2cc8e755ee107e4ced8?s=96&d=mm&r=g\",\"url\":\"https:\\\/\\\/secure.gravatar.com\\\/avatar\\\/638399cc6c046cab6b781ba08137f90e3c088d731afee2cc8e755ee107e4ced8?s=96&d=mm&r=g\",\"contentUrl\":\"https:\\\/\\\/secure.gravatar.com\\\/avatar\\\/638399cc6c046cab6b781ba08137f90e3c088d731afee2cc8e755ee107e4ced8?s=96&d=mm&r=g\",\"caption\":\"admin\"},\"sameAs\":[\"https:\\\/\\\/keskinhaber.com\"]}]}<\/script>\n<!-- \/ Yoast SEO plugin. -->","yoast_head_json":{"title":"keskin, haber","description":"Ankara\u2019n\u0131n Kalecik il\u00e7esinde meydana gelen 4.5\u2019lik depremin ard\u0131ndan alt\u0131 adet sars\u0131nt\u0131 daha kaydedildi.","robots":{"index":"index","follow":"follow","max-snippet":"max-snippet:-1","max-image-preview":"max-image-preview:large","max-video-preview":"max-video-preview:-1"},"canonical":"https:\/\/keskinhaber.com\/index.php\/2021\/01\/11\/artci-depremler-suruyor\/","og_locale":"tr_TR","og_type":"article","og_title":"keskin, haber","og_description":"Ankara\u2019n\u0131n Kalecik il\u00e7esinde meydana gelen 4.5\u2019lik depremin ard\u0131ndan alt\u0131 adet sars\u0131nt\u0131 daha kaydedildi.","og_url":"https:\/\/keskinhaber.com\/index.php\/2021\/01\/11\/artci-depremler-suruyor\/","og_site_name":"Keskin Haber","article_publisher":"https:\/\/www.facebook.com\/KeskinFM","article_published_time":"2021-01-11T17:32:49+00:00","og_image":[{"width":736,"height":416,"url":"https:\/\/keskinhaber.com\/wp-content\/uploads\/2021\/01\/kalecik-artci-sarsinti-deprem-haber-kirikkale-736x416-1.jpg","type":"image\/jpeg"}],"author":"admin","twitter_card":"summary_large_image","twitter_creator":"@keskinhaber","twitter_site":"@keskinhaber","twitter_misc":{"Yazan:":"admin"},"schema":{"@context":"https:\/\/schema.org","@graph":[{"@type":"Article","@id":"https:\/\/keskinhaber.com\/index.php\/2021\/01\/11\/artci-depremler-suruyor\/#article","isPartOf":{"@id":"https:\/\/keskinhaber.com\/index.php\/2021\/01\/11\/artci-depremler-suruyor\/"},"author":{"name":"admin","@id":"https:\/\/keskinhaber.com\/#\/schema\/person\/895eaf7fdaa84e6aa6e66cb81cb43d15"},"headline":"ART\u00c7I DEPREMLER S\u00dcR\u00dcYOR","datePublished":"2021-01-11T17:32:49+00:00","mainEntityOfPage":{"@id":"https:\/\/keskinhaber.com\/index.php\/2021\/01\/11\/artci-depremler-suruyor\/"},"wordCount":91,"commentCount":0,"publisher":{"@id":"https:\/\/keskinhaber.com\/#organization"},"image":{"@id":"https:\/\/keskinhaber.com\/index.php\/2021\/01\/11\/artci-depremler-suruyor\/#primaryimage"},"thumbnailUrl":"https:\/\/keskinhaber.com\/wp-content\/uploads\/2021\/01\/kalecik-artci-sarsinti-deprem-haber-kirikkale-736x416-1.jpg","articleSection":["G\u00fcncel"],"inLanguage":"tr","potentialAction":[{"@type":"CommentAction","name":"Comment","target":["https:\/\/keskinhaber.com\/index.php\/2021\/01\/11\/artci-depremler-suruyor\/#respond"]}]},{"@type":"WebPage","@id":"https:\/\/keskinhaber.com\/index.php\/2021\/01\/11\/artci-depremler-suruyor\/","url":"https:\/\/keskinhaber.com\/index.php\/2021\/01\/11\/artci-depremler-suruyor\/","name":"keskin, haber","isPartOf":{"@id":"https:\/\/keskinhaber.com\/#website"},"primaryImageOfPage":{"@id":"https:\/\/keskinhaber.com\/index.php\/2021\/01\/11\/artci-depremler-suruyor\/#primaryimage"},"image":{"@id":"https:\/\/keskinhaber.com\/index.php\/2021\/01\/11\/artci-depremler-suruyor\/#primaryimage"},"thumbnailUrl":"https:\/\/keskinhaber.com\/wp-content\/uploads\/2021\/01\/kalecik-artci-sarsinti-deprem-haber-kirikkale-736x416-1.jpg","datePublished":"2021-01-11T17:32:49+00:00","description":"Ankara\u2019n\u0131n Kalecik il\u00e7esinde meydana gelen 4.5\u2019lik depremin ard\u0131ndan alt\u0131 adet sars\u0131nt\u0131 daha kaydedildi.","breadcrumb":{"@id":"https:\/\/keskinhaber.com\/index.php\/2021\/01\/11\/artci-depremler-suruyor\/#breadcrumb"},"inLanguage":"tr","potentialAction":[{"@type":"ReadAction","target":["https:\/\/keskinhaber.com\/index.php\/2021\/01\/11\/artci-depremler-suruyor\/"]}]},{"@type":"ImageObject","inLanguage":"tr","@id":"https:\/\/keskinhaber.com\/index.php\/2021\/01\/11\/artci-depremler-suruyor\/#primaryimage","url":"https:\/\/keskinhaber.com\/wp-content\/uploads\/2021\/01\/kalecik-artci-sarsinti-deprem-haber-kirikkale-736x416-1.jpg","contentUrl":"https:\/\/keskinhaber.com\/wp-content\/uploads\/2021\/01\/kalecik-artci-sarsinti-deprem-haber-kirikkale-736x416-1.jpg","width":736,"height":416},{"@type":"BreadcrumbList","@id":"https:\/\/keskinhaber.com\/index.php\/2021\/01\/11\/artci-depremler-suruyor\/#breadcrumb","itemListElement":[{"@type":"ListItem","position":1,"name":"Home","item":"https:\/\/keskinhaber.com\/"},{"@type":"ListItem","position":2,"name":"ART\u00c7I DEPREMLER S\u00dcR\u00dcYOR"}]},{"@type":"WebSite","@id":"https:\/\/keskinhaber.com\/#website","url":"https:\/\/keskinhaber.com\/","name":"Keskin Haber","description":"Tarafs\u0131z Haberin Merkezi","publisher":{"@id":"https:\/\/keskinhaber.com\/#organization"},"alternateName":"keskinhaber","potentialAction":[{"@type":"SearchAction","target":{"@type":"EntryPoint","urlTemplate":"https:\/\/keskinhaber.com\/?s={search_term_string}"},"query-input":{"@type":"PropertyValueSpecification","valueRequired":true,"valueName":"search_term_string"}}],"inLanguage":"tr"},{"@type":"Organization","@id":"https:\/\/keskinhaber.com\/#organization","name":"Keskin Haber-Tarafs\u0131z Haberin Merkezi","alternateName":"keskinhaber","url":"https:\/\/keskinhaber.com\/","logo":{"@type":"ImageObject","inLanguage":"tr","@id":"https:\/\/keskinhaber.com\/#\/schema\/logo\/image\/","url":"https:\/\/keskinhaber.com\/wp-content\/uploads\/2020\/12\/keskin-haber-logo.png","contentUrl":"https:\/\/keskinhaber.com\/wp-content\/uploads\/2020\/12\/keskin-haber-logo.png","width":229,"height":40,"caption":"Keskin Haber-Tarafs\u0131z Haberin Merkezi"},"image":{"@id":"https:\/\/keskinhaber.com\/#\/schema\/logo\/image\/"},"sameAs":["https:\/\/www.facebook.com\/KeskinFM","https:\/\/x.com\/keskinhaber"]},{"@type":"Person","@id":"https:\/\/keskinhaber.com\/#\/schema\/person\/895eaf7fdaa84e6aa6e66cb81cb43d15","name":"admin","image":{"@type":"ImageObject","inLanguage":"tr","@id":"https:\/\/secure.gravatar.com\/avatar\/638399cc6c046cab6b781ba08137f90e3c088d731afee2cc8e755ee107e4ced8?s=96&d=mm&r=g","url":"https:\/\/secure.gravatar.com\/avatar\/638399cc6c046cab6b781ba08137f90e3c088d731afee2cc8e755ee107e4ced8?s=96&d=mm&r=g","contentUrl":"https:\/\/secure.gravatar.com\/avatar\/638399cc6c046cab6b781ba08137f90e3c088d731afee2cc8e755ee107e4ced8?s=96&d=mm&r=g","caption":"admin"},"sameAs":["https:\/\/keskinhaber.com"]}]}},"_links":{"self":[{"href":"https:\/\/keskinhaber.com\/index.php\/wp-json\/wp\/v2\/posts\/855","targetHints":{"allow":["GET"]}}],"collection":[{"href":"https:\/\/keskinhaber.com\/index.php\/wp-json\/wp\/v2\/posts"}],"about":[{"href":"https:\/\/keskinhaber.com\/index.php\/wp-json\/wp\/v2\/types\/post"}],"author":[{"embeddable":true,"href":"https:\/\/keskinhaber.com\/index.php\/wp-json\/wp\/v2\/users\/1"}],"replies":[{"embeddable":true,"href":"https:\/\/keskinhaber.com\/index.php\/wp-json\/wp\/v2\/comments?post=855"}],"version-history":[{"count":1,"href":"https:\/\/keskinhaber.com\/index.php\/wp-json\/wp\/v2\/posts\/855\/revisions"}],"predecessor-version":[{"id":858,"href":"https:\/\/keskinhaber.com\/index.php\/wp-json\/wp\/v2\/posts\/855\/revisions\/858"}],"wp:featuredmedia":[{"embeddable":true,"href":"https:\/\/keskinhaber.com\/index.php\/wp-json\/wp\/v2\/media\/857"}],"wp:attachment":[{"href":"https:\/\/keskinhaber.com\/index.php\/wp-json\/wp\/v2\/media?parent=855"}],"wp:term":[{"taxonomy":"category","embeddable":true,"href":"https:\/\/keskinhaber.com\/index.php\/wp-json\/wp\/v2\/categories?post=855"},{"taxonomy":"post_tag","embeddable":true,"href":"https:\/\/keskinhaber.com\/index.php\/wp-json\/wp\/v2\/tags?post=855"}],"curies":[{"name":"wp","href":"https:\/\/api.w.org\/{rel}","templated":true}]}}