{"id":862,"date":"2021-01-11T19:22:16","date_gmt":"2021-01-11T19:22:16","guid":{"rendered":"https:\/\/keskinhaber.com\/?p=862"},"modified":"2021-01-11T19:22:32","modified_gmt":"2021-01-11T19:22:32","slug":"milletimizin-inanc-ve-azmi-her-turlu-badirenin-ustesinden-gelecek-buyukluktedir","status":"publish","type":"post","link":"https:\/\/keskinhaber.com\/index.php\/2021\/01\/11\/milletimizin-inanc-ve-azmi-her-turlu-badirenin-ustesinden-gelecek-buyukluktedir\/","title":{"rendered":"Milletimizin \u0130nan\u00e7 ve Azmi Her T\u00fcrl\u00fc Badirenin \u00dcstesinden Gelecek B\u00fcy\u00fckl\u00fcktedir"},"content":{"rendered":"<p>Sa\u011fl\u0131k Bakan\u0131 Dr. Fahrettin Koca, Sa\u011fl\u0131k Bakanl\u0131\u011f\u0131 Bilkent Yerle\u015fkesi&#8217;ndeki Koronavir\u00fcs Bilim Kurulu Toplant\u0131s\u0131\u2019n\u0131n ard\u0131ndan bas\u0131n mensuplar\u0131na a\u00e7\u0131klamalarda bulundu.<\/p>\n<p>Yapt\u0131\u011f\u0131 konu\u015fmada, salg\u0131n boyunca her durumda t\u00fcm geli\u015fmeleri zaman\u0131nda ve en a\u00e7\u0131k \u015fekilde iletmeye \u00e7al\u0131\u015ft\u0131\u011f\u0131n\u0131 belirten Koca, bunun g\u00f6rev olmas\u0131n\u0131n yan\u0131nda insani y\u00f6n\u00fcn\u00fcn bulundu\u011funun alt\u0131n\u0131 \u00e7izdi.<\/p>\n<p>Al\u0131\u015fkanl\u0131klar\u0131n de\u011fi\u015fti\u011finin, selamla\u015fmadan al\u0131\u015fveri\u015fe, toplant\u0131 d\u00fczenlemekten okul derslerine kadar t\u00fcm hayatta sanc\u0131l\u0131 de\u011fi\u015fiklikler ya\u015fand\u0131\u011f\u0131n\u0131n fark\u0131nda oldu\u011funu dile getiren Koca, \u201cBu y\u0131l, t\u00fcm d\u00fcnyan\u0131n ortak bir ama\u00e7 u\u011fruna m\u00fccadele etti\u011fi ancak hen\u00fcz sonuca ula\u015fmadan sonlanan bir y\u0131l olarak tarihe ge\u00e7ecektir. Tarih bu y\u0131llar\u0131, hastal\u0131\u011fa ad\u0131n\u0131 veren 2019\u2019dan ba\u015flayarak b\u00fcy\u00fck salg\u0131n y\u0131llar\u0131 olarak anacakt\u0131r\u201d dedi.<\/p>\n<p>Salg\u0131n\u0131n, geli\u015fmi\u015f oldu\u011funu iddia eden \u00fclkeyle, geri kald\u0131\u011f\u0131 san\u0131lan\u0131 e\u015fitledi\u011fini dile getiren Koca, \u015f\u00f6yle devam etti:<\/p>\n<p>\u201c\u00dclkemizde de ekim ay\u0131n\u0131n ikinci yar\u0131s\u0131ndan itibaren h\u0131zl\u0131 bir vaka art\u0131\u015f\u0131 ba\u015f g\u00f6sterdi. Bir\u00e7ok ilimizde y\u00fczde 100\u2019leri a\u015fan art\u0131\u015flar oldu. Hastanelerimiz, yo\u011fun bak\u0131mlar\u0131m\u0131z y\u00fck\u00fc kald\u0131rmada zorlanmaya ba\u015flad\u0131.<\/p>\n<p>\u0130l ziyaretleriyle yerinde de\u011ferlendirme, HES kodunun t\u00fcm kamu kurumlar\u0131nda, ula\u015f\u0131mda ve konaklama tesislerinde kullan\u0131m\u0131n\u0131n yayg\u0131nla\u015ft\u0131r\u0131lmas\u0131, toplu etkinliklerin ertelenmesi, d\u00fc\u011f\u00fcn ni\u015fan gibi t\u00f6renlere k\u0131s\u0131tlama getirilmesi, kademeli mesai uygulamas\u0131, \u00e7e\u015fitli i\u015f yerlerinin \u00e7al\u0131\u015fma saatleri ve hizmet sunum \u015fekillerinin s\u0131n\u0131rlanmas\u0131, kalabal\u0131k meydan ve sokaklar i\u00e7in getirilen k\u0131s\u0131tlama ve kontroller, a\u00e7\u0131kta sigara i\u00e7me yasa\u011f\u0131, okullar\u0131n tekrar uzaktan e\u011fitime ge\u00e7mesi, hafta i\u00e7i geceleri ve hafta sonunda d\u0131\u015far\u0131ya \u00e7\u0131k\u0131\u015f k\u0131s\u0131tlamalar\u0131 gibi yayg\u0131n genel tedbirler hayata ge\u00e7irildi.\u201d<\/p>\n<p>Valiler ve il sa\u011fl\u0131k y\u00f6neticileriyle yapt\u0131klar\u0131 g\u00f6r\u00fc\u015fmeleri ve illerin durumunu anl\u0131k olarak kamuoyuyla payla\u015fmaya gayret etti\u011fini vurgulayan Koca, bu tedbirlerin yo\u011fun bir \u015fekilde uygulanmas\u0131n\u0131n temini ve iller d\u00fczeyinde b\u00fct\u00fcn kamu kaynaklar\u0131n\u0131n harekete ge\u00e7irilmesindeki destek ve katk\u0131lar\u0131ndan dolay\u0131 \u0130\u00e7i\u015fleri Bakan\u0131 S\u00fcleyman Soylu ve valilere te\u015fekk\u00fcrlerini iletti.<\/p>\n<p><strong>\u201c\u0130naktif a\u015f\u0131n\u0131n \u00fclkemizdeki Faz-3 klinik \u00e7al\u0131\u015fmas\u0131 ba\u015far\u0131yla s\u00fcrmektedir\u201d<\/strong><\/p>\n<p>T\u00fcrkiye\u2019de adenovir\u00fcs temelli iki a\u015f\u0131 aday\u0131n\u0131n insan deneyleri safhas\u0131na ula\u015ft\u0131\u011f\u0131n\u0131n bilgisini veren Koca, \u201cBenzer \u015fekilde vir\u00fcs benzeri par\u00e7ac\u0131klar temelli bir a\u015f\u0131m\u0131z da insan deneyleri safhas\u0131ndad\u0131r. Ba\u015f\u0131ndan beri T\u00fcrkiye\u2019de klinik \u00e7al\u0131\u015fmas\u0131 olan kendi in\u015fam\u0131zda etkisi oldu\u011funu bildi\u011fimiz bir a\u015f\u0131y\u0131 kullanmak istedi\u011fimizi beyan ettik. \u0130naktif a\u015f\u0131n\u0131n \u00fclkemizdeki Faz-3 klinik \u00e7al\u0131\u015fmas\u0131 ba\u015far\u0131yla s\u00fcrmektedir\u201d dedi.<\/p>\n<p><strong>\u201cA\u015f\u0131lar\u0131m\u0131z bir aksilik olmazsa, pazar\u0131 pazartesiye ba\u011flayan gece yola \u00e7\u0131k\u0131yor\u201d<\/strong><\/p>\n<p>\u201cBilim Kurulu\u2019nun de\u011ferlendirmeleriyle a\u015f\u0131n\u0131n \u00fclkemizde kullan\u0131lmas\u0131 konusunda kendi insan\u0131m\u0131zda g\u00f6sterdi\u011fi etkiden emin olduk\u201d diyen Koca, \u201cArt\u0131k a\u015f\u0131n\u0131n T\u00fcrk insan\u0131nda etkili ve g\u00fcvenilir oldu\u011funda eminiz. \u00c7in makamlar\u0131 da T\u00fcrkiye\u2019ye g\u00f6nderilecek a\u015f\u0131 dozlar\u0131 i\u00e7in onay i\u015flemlerini tamamlad\u0131. \u00dcreticinin depolar\u0131nda haz\u0131r olarak bizden gelecek haberleri bekleyen a\u015f\u0131lar\u0131m\u0131z bir aksilik olmazsa, pazar\u0131 pazartesiye ba\u011flayan gece yola \u00e7\u0131k\u0131yor\u201d a\u00e7\u0131klamas\u0131nda bulundu.<\/p>\n<p><strong>\u201cA\u015f\u0131n\u0131n koruyuculu\u011fu y\u00fczde 91.25\u201d<\/strong><\/p>\n<p>A\u015f\u0131n\u0131n koruyuculu\u011funun y\u00fczde 91.25 oldu\u011funu belirten Koca \u015fu ifadelere yer verdi:<\/p>\n<p>\u201cBu sonu\u00e7lar bu a\u015f\u0131yla ilgili d\u00fcnyada a\u00e7\u0131klanan ilk veriler. Dolay\u0131s\u0131yla d\u00fcnya hatta \u00c7in muhtemelen devlet olarak bu datalar\u0131m\u0131z\u0131 kullanacak. A\u015f\u0131n\u0131n koruyuculu\u011fu y\u00fczde 91,25 oran\u0131nda. Bu erken d\u00f6nem ve bu giderek artacak. \u00c7\u00fcnk\u00fc biz normalde 40 enfekte olan ki\u015fi oldu\u011funda a\u00e7\u0131klamay\u0131 d\u00fc\u015f\u00fcnd\u00fc\u011f\u00fcm\u00fcz bir durumdu. \u015eu an 29 ki\u015fi s\u00f6z konusu, o nedenle 40 ki\u015fi enfekte oldu\u011fu d\u00f6neme kadar bu \u00e7al\u0131\u015fma devam ediyor olacak. Ve giderek bu oran\u0131n daha da yukar\u0131 do\u011fru \u00e7\u0131kaca\u011f\u0131n\u0131 s\u00f6yleyebiliriz.\u201d<\/p>\n<p><strong>\u201cA\u015f\u0131lamada ilk a\u015famada 9 milyon ki\u015finin oldu\u011funu s\u00f6yleyebilirim\u201d<\/strong><\/p>\n<p>A\u015f\u0131lama program\u0131n\u0131n nas\u0131l ger\u00e7ekle\u015ftirilece\u011fine de\u011finen Bakan Koca, \u201cMilletimizin inan\u00e7 ve azmi her t\u00fcrl\u00fc badirenin \u00fcstesinden gelecek b\u00fcy\u00fckl\u00fcktedir. Bu g\u00fczel haberlerin \u00fclkemiz i\u00e7in insanl\u0131k i\u00e7in hay\u0131rlara vesile olmas\u0131n\u0131 diliyorum. Pazartesi\u2019nden itibaren a\u015f\u0131lama olacak. Bilim Kurulumuz 4 a\u015famal\u0131 bir strateji haz\u0131rlad\u0131. \u0130lk planda sa\u011fl\u0131k \u00e7al\u0131\u015fanlar\u0131 var, onlardan ba\u015flam\u0131\u015f olaca\u011f\u0131z. \u00d6zellikle birinci a\u015famada 9 milyona yak\u0131n ki\u015finin oldu\u011funu s\u00f6yleyebilirim. Ocak, \u015eubat, Mart gibi yayg\u0131n olarak ilk 2 hatta 3\u2019\u00fcnc\u00fc a\u015famada olan ki\u015fileri a\u015f\u0131lamak istiyoruz. \u00c7\u00fcnk\u00fc kitlesel ba\u011f\u0131\u015f\u0131klamada ne kadar dar bir zaman diliminde yo\u011fun bir a\u015f\u0131lama yaparsak o kadar ba\u015far\u0131l\u0131 olaca\u011f\u0131m\u0131z\u0131 biliyoruz\u201d \u015feklinde konu\u015ftu.<\/p>\n","protected":false},"excerpt":{"rendered":"<p>Sa\u011fl\u0131k Bakan\u0131 Dr. Fahrettin Koca, Sa\u011fl\u0131k Bakanl\u0131\u011f\u0131 Bilkent Yerle\u015fkesi&#8217;ndeki Koronavir\u00fcs Bilim Kurulu Toplant\u0131s\u0131\u2019n\u0131n ard\u0131ndan bas\u0131n mensuplar\u0131na a\u00e7\u0131klamalarda bulundu. Yapt\u0131\u011f\u0131 konu\u015fmada, salg\u0131n boyunca her durumda t\u00fcm geli\u015fmeleri zaman\u0131nda ve en a\u00e7\u0131k \u015fekilde iletmeye \u00e7al\u0131\u015ft\u0131\u011f\u0131n\u0131 belirten Koca, bunun g\u00f6rev olmas\u0131n\u0131n yan\u0131nda insani y\u00f6n\u00fcn\u00fcn bulundu\u011funun alt\u0131n\u0131 \u00e7izdi. Al\u0131\u015fkanl\u0131klar\u0131n de\u011fi\u015fti\u011finin, selamla\u015fmadan al\u0131\u015fveri\u015fe, toplant\u0131 d\u00fczenlemekten okul derslerine kadar t\u00fcm hayatta [&hellip;]<\/p>\n","protected":false},"author":1,"featured_media":863,"comment_status":"open","ping_status":"open","sticky":false,"template":"","format":"standard","meta":{"om_disable_all_campaigns":false,"_monsterinsights_skip_tracking":false,"_monsterinsights_sitenote_active":false,"_monsterinsights_sitenote_note":"","_monsterinsights_sitenote_category":0,"_uf_show_specific_survey":0,"_uf_disable_surveys":false,"footnotes":""},"categories":[40],"tags":[],"class_list":["post-862","post","type-post","status-publish","format-standard","has-post-thumbnail","hentry","category-guncel"],"aioseo_notices":[],"yoast_head":"<!-- This site is optimized with the Yoast SEO plugin v27.5 - https:\/\/yoast.com\/product\/yoast-seo-wordpress\/ -->\n<title>keskin, haber<\/title>\n<meta name=\"description\" content=\"Sa\u011fl\u0131k Bakan\u0131 Dr. Fahrettin Koca, Sa\u011fl\u0131k Bakanl\u0131\u011f\u0131 Bilkent Yerle\u015fkesi&#039;ndeki Koronavir\u00fcs Bilim Kurulu Toplant\u0131s\u0131\u2019n\u0131n ard\u0131ndan bas\u0131n mensuplar\u0131na a\u00e7\u0131klamalarda bulundu.Yapt\u0131\u011f\u0131 konu\u015fmada, salg\u0131n boyunca her durumda t\u00fcm geli\u015fmeleri zaman\u0131nda ve en a\u00e7\u0131k \u015fekilde iletmeye \u00e7al\u0131\u015ft\u0131\u011f\u0131n\u0131 belirten Koca, bunun g\u00f6rev olmas\u0131n\u0131n yan\u0131nda insani y\u00f6n\u00fcn\u00fcn bulundu\u011funun alt\u0131n\u0131 \u00e7izdi.\" \/>\n<meta name=\"robots\" content=\"index, follow, max-snippet:-1, max-image-preview:large, max-video-preview:-1\" \/>\n<link rel=\"canonical\" href=\"https:\/\/keskinhaber.com\/index.php\/2021\/01\/11\/milletimizin-inanc-ve-azmi-her-turlu-badirenin-ustesinden-gelecek-buyukluktedir\/\" \/>\n<meta property=\"og:locale\" content=\"tr_TR\" \/>\n<meta property=\"og:type\" content=\"article\" \/>\n<meta property=\"og:title\" content=\"keskin, haber\" \/>\n<meta property=\"og:description\" content=\"Sa\u011fl\u0131k Bakan\u0131 Dr. Fahrettin Koca, Sa\u011fl\u0131k Bakanl\u0131\u011f\u0131 Bilkent Yerle\u015fkesi&#039;ndeki Koronavir\u00fcs Bilim Kurulu Toplant\u0131s\u0131\u2019n\u0131n ard\u0131ndan bas\u0131n mensuplar\u0131na a\u00e7\u0131klamalarda bulundu.Yapt\u0131\u011f\u0131 konu\u015fmada, salg\u0131n boyunca her durumda t\u00fcm geli\u015fmeleri zaman\u0131nda ve en a\u00e7\u0131k \u015fekilde iletmeye \u00e7al\u0131\u015ft\u0131\u011f\u0131n\u0131 belirten Koca, bunun g\u00f6rev olmas\u0131n\u0131n yan\u0131nda insani y\u00f6n\u00fcn\u00fcn bulundu\u011funun alt\u0131n\u0131 \u00e7izdi.\" \/>\n<meta property=\"og:url\" content=\"https:\/\/keskinhaber.com\/index.php\/2021\/01\/11\/milletimizin-inanc-ve-azmi-her-turlu-badirenin-ustesinden-gelecek-buyukluktedir\/\" \/>\n<meta property=\"og:site_name\" content=\"Keskin Haber\" \/>\n<meta property=\"article:publisher\" content=\"https:\/\/www.facebook.com\/KeskinFM\" \/>\n<meta property=\"article:published_time\" content=\"2021-01-11T19:22:16+00:00\" \/>\n<meta property=\"article:modified_time\" content=\"2021-01-11T19:22:32+00:00\" \/>\n<meta property=\"og:image\" content=\"https:\/\/keskinhaber.com\/wp-content\/uploads\/2021\/01\/Bakan-Koca.jpg\" \/>\n\t<meta property=\"og:image:width\" content=\"800\" \/>\n\t<meta property=\"og:image:height\" content=\"400\" \/>\n\t<meta property=\"og:image:type\" content=\"image\/jpeg\" \/>\n<meta name=\"author\" content=\"admin\" \/>\n<meta name=\"twitter:card\" content=\"summary_large_image\" \/>\n<meta name=\"twitter:creator\" content=\"@keskinhaber\" \/>\n<meta name=\"twitter:site\" content=\"@keskinhaber\" \/>\n<meta name=\"twitter:label1\" content=\"Yazan:\" \/>\n\t<meta name=\"twitter:data1\" content=\"admin\" \/>\n\t<meta name=\"twitter:label2\" content=\"Tahmini okuma s\u00fcresi\" \/>\n\t<meta name=\"twitter:data2\" content=\"4 dakika\" \/>\n<script type=\"application\/ld+json\" class=\"yoast-schema-graph\">{\"@context\":\"https:\\\/\\\/schema.org\",\"@graph\":[{\"@type\":\"Article\",\"@id\":\"https:\\\/\\\/keskinhaber.com\\\/index.php\\\/2021\\\/01\\\/11\\\/milletimizin-inanc-ve-azmi-her-turlu-badirenin-ustesinden-gelecek-buyukluktedir\\\/#article\",\"isPartOf\":{\"@id\":\"https:\\\/\\\/keskinhaber.com\\\/index.php\\\/2021\\\/01\\\/11\\\/milletimizin-inanc-ve-azmi-her-turlu-badirenin-ustesinden-gelecek-buyukluktedir\\\/\"},\"author\":{\"name\":\"admin\",\"@id\":\"https:\\\/\\\/keskinhaber.com\\\/#\\\/schema\\\/person\\\/895eaf7fdaa84e6aa6e66cb81cb43d15\"},\"headline\":\"Milletimizin \u0130nan\u00e7 ve Azmi Her T\u00fcrl\u00fc Badirenin \u00dcstesinden Gelecek B\u00fcy\u00fckl\u00fcktedir\",\"datePublished\":\"2021-01-11T19:22:16+00:00\",\"dateModified\":\"2021-01-11T19:22:32+00:00\",\"mainEntityOfPage\":{\"@id\":\"https:\\\/\\\/keskinhaber.com\\\/index.php\\\/2021\\\/01\\\/11\\\/milletimizin-inanc-ve-azmi-her-turlu-badirenin-ustesinden-gelecek-buyukluktedir\\\/\"},\"wordCount\":884,\"commentCount\":0,\"publisher\":{\"@id\":\"https:\\\/\\\/keskinhaber.com\\\/#organization\"},\"image\":{\"@id\":\"https:\\\/\\\/keskinhaber.com\\\/index.php\\\/2021\\\/01\\\/11\\\/milletimizin-inanc-ve-azmi-her-turlu-badirenin-ustesinden-gelecek-buyukluktedir\\\/#primaryimage\"},\"thumbnailUrl\":\"https:\\\/\\\/keskinhaber.com\\\/wp-content\\\/uploads\\\/2021\\\/01\\\/Bakan-Koca.jpg\",\"articleSection\":[\"G\u00fcncel\"],\"inLanguage\":\"tr\",\"potentialAction\":[{\"@type\":\"CommentAction\",\"name\":\"Comment\",\"target\":[\"https:\\\/\\\/keskinhaber.com\\\/index.php\\\/2021\\\/01\\\/11\\\/milletimizin-inanc-ve-azmi-her-turlu-badirenin-ustesinden-gelecek-buyukluktedir\\\/#respond\"]}]},{\"@type\":\"WebPage\",\"@id\":\"https:\\\/\\\/keskinhaber.com\\\/index.php\\\/2021\\\/01\\\/11\\\/milletimizin-inanc-ve-azmi-her-turlu-badirenin-ustesinden-gelecek-buyukluktedir\\\/\",\"url\":\"https:\\\/\\\/keskinhaber.com\\\/index.php\\\/2021\\\/01\\\/11\\\/milletimizin-inanc-ve-azmi-her-turlu-badirenin-ustesinden-gelecek-buyukluktedir\\\/\",\"name\":\"keskin, haber\",\"isPartOf\":{\"@id\":\"https:\\\/\\\/keskinhaber.com\\\/#website\"},\"primaryImageOfPage\":{\"@id\":\"https:\\\/\\\/keskinhaber.com\\\/index.php\\\/2021\\\/01\\\/11\\\/milletimizin-inanc-ve-azmi-her-turlu-badirenin-ustesinden-gelecek-buyukluktedir\\\/#primaryimage\"},\"image\":{\"@id\":\"https:\\\/\\\/keskinhaber.com\\\/index.php\\\/2021\\\/01\\\/11\\\/milletimizin-inanc-ve-azmi-her-turlu-badirenin-ustesinden-gelecek-buyukluktedir\\\/#primaryimage\"},\"thumbnailUrl\":\"https:\\\/\\\/keskinhaber.com\\\/wp-content\\\/uploads\\\/2021\\\/01\\\/Bakan-Koca.jpg\",\"datePublished\":\"2021-01-11T19:22:16+00:00\",\"dateModified\":\"2021-01-11T19:22:32+00:00\",\"description\":\"Sa\u011fl\u0131k Bakan\u0131 Dr. Fahrettin Koca, Sa\u011fl\u0131k Bakanl\u0131\u011f\u0131 Bilkent Yerle\u015fkesi'ndeki Koronavir\u00fcs Bilim Kurulu Toplant\u0131s\u0131\u2019n\u0131n ard\u0131ndan bas\u0131n mensuplar\u0131na a\u00e7\u0131klamalarda bulundu.Yapt\u0131\u011f\u0131 konu\u015fmada, salg\u0131n boyunca her durumda t\u00fcm geli\u015fmeleri zaman\u0131nda ve en a\u00e7\u0131k \u015fekilde iletmeye \u00e7al\u0131\u015ft\u0131\u011f\u0131n\u0131 belirten Koca, bunun g\u00f6rev olmas\u0131n\u0131n yan\u0131nda insani y\u00f6n\u00fcn\u00fcn bulundu\u011funun alt\u0131n\u0131 \u00e7izdi.\",\"breadcrumb\":{\"@id\":\"https:\\\/\\\/keskinhaber.com\\\/index.php\\\/2021\\\/01\\\/11\\\/milletimizin-inanc-ve-azmi-her-turlu-badirenin-ustesinden-gelecek-buyukluktedir\\\/#breadcrumb\"},\"inLanguage\":\"tr\",\"potentialAction\":[{\"@type\":\"ReadAction\",\"target\":[\"https:\\\/\\\/keskinhaber.com\\\/index.php\\\/2021\\\/01\\\/11\\\/milletimizin-inanc-ve-azmi-her-turlu-badirenin-ustesinden-gelecek-buyukluktedir\\\/\"]}]},{\"@type\":\"ImageObject\",\"inLanguage\":\"tr\",\"@id\":\"https:\\\/\\\/keskinhaber.com\\\/index.php\\\/2021\\\/01\\\/11\\\/milletimizin-inanc-ve-azmi-her-turlu-badirenin-ustesinden-gelecek-buyukluktedir\\\/#primaryimage\",\"url\":\"https:\\\/\\\/keskinhaber.com\\\/wp-content\\\/uploads\\\/2021\\\/01\\\/Bakan-Koca.jpg\",\"contentUrl\":\"https:\\\/\\\/keskinhaber.com\\\/wp-content\\\/uploads\\\/2021\\\/01\\\/Bakan-Koca.jpg\",\"width\":800,\"height\":400},{\"@type\":\"BreadcrumbList\",\"@id\":\"https:\\\/\\\/keskinhaber.com\\\/index.php\\\/2021\\\/01\\\/11\\\/milletimizin-inanc-ve-azmi-her-turlu-badirenin-ustesinden-gelecek-buyukluktedir\\\/#breadcrumb\",\"itemListElement\":[{\"@type\":\"ListItem\",\"position\":1,\"name\":\"Home\",\"item\":\"https:\\\/\\\/keskinhaber.com\\\/\"},{\"@type\":\"ListItem\",\"position\":2,\"name\":\"Milletimizin \u0130nan\u00e7 ve Azmi Her T\u00fcrl\u00fc Badirenin \u00dcstesinden Gelecek B\u00fcy\u00fckl\u00fcktedir\"}]},{\"@type\":\"WebSite\",\"@id\":\"https:\\\/\\\/keskinhaber.com\\\/#website\",\"url\":\"https:\\\/\\\/keskinhaber.com\\\/\",\"name\":\"Keskin Haber\",\"description\":\"Tarafs\u0131z Haberin Merkezi\",\"publisher\":{\"@id\":\"https:\\\/\\\/keskinhaber.com\\\/#organization\"},\"alternateName\":\"keskinhaber\",\"potentialAction\":[{\"@type\":\"SearchAction\",\"target\":{\"@type\":\"EntryPoint\",\"urlTemplate\":\"https:\\\/\\\/keskinhaber.com\\\/?s={search_term_string}\"},\"query-input\":{\"@type\":\"PropertyValueSpecification\",\"valueRequired\":true,\"valueName\":\"search_term_string\"}}],\"inLanguage\":\"tr\"},{\"@type\":\"Organization\",\"@id\":\"https:\\\/\\\/keskinhaber.com\\\/#organization\",\"name\":\"Keskin Haber-Tarafs\u0131z Haberin Merkezi\",\"alternateName\":\"keskinhaber\",\"url\":\"https:\\\/\\\/keskinhaber.com\\\/\",\"logo\":{\"@type\":\"ImageObject\",\"inLanguage\":\"tr\",\"@id\":\"https:\\\/\\\/keskinhaber.com\\\/#\\\/schema\\\/logo\\\/image\\\/\",\"url\":\"https:\\\/\\\/keskinhaber.com\\\/wp-content\\\/uploads\\\/2020\\\/12\\\/keskin-haber-logo.png\",\"contentUrl\":\"https:\\\/\\\/keskinhaber.com\\\/wp-content\\\/uploads\\\/2020\\\/12\\\/keskin-haber-logo.png\",\"width\":229,\"height\":40,\"caption\":\"Keskin Haber-Tarafs\u0131z Haberin Merkezi\"},\"image\":{\"@id\":\"https:\\\/\\\/keskinhaber.com\\\/#\\\/schema\\\/logo\\\/image\\\/\"},\"sameAs\":[\"https:\\\/\\\/www.facebook.com\\\/KeskinFM\",\"https:\\\/\\\/x.com\\\/keskinhaber\"]},{\"@type\":\"Person\",\"@id\":\"https:\\\/\\\/keskinhaber.com\\\/#\\\/schema\\\/person\\\/895eaf7fdaa84e6aa6e66cb81cb43d15\",\"name\":\"admin\",\"image\":{\"@type\":\"ImageObject\",\"inLanguage\":\"tr\",\"@id\":\"https:\\\/\\\/secure.gravatar.com\\\/avatar\\\/638399cc6c046cab6b781ba08137f90e3c088d731afee2cc8e755ee107e4ced8?s=96&d=mm&r=g\",\"url\":\"https:\\\/\\\/secure.gravatar.com\\\/avatar\\\/638399cc6c046cab6b781ba08137f90e3c088d731afee2cc8e755ee107e4ced8?s=96&d=mm&r=g\",\"contentUrl\":\"https:\\\/\\\/secure.gravatar.com\\\/avatar\\\/638399cc6c046cab6b781ba08137f90e3c088d731afee2cc8e755ee107e4ced8?s=96&d=mm&r=g\",\"caption\":\"admin\"},\"sameAs\":[\"https:\\\/\\\/keskinhaber.com\"]}]}<\/script>\n<!-- \/ Yoast SEO plugin. -->","yoast_head_json":{"title":"keskin, haber","description":"Sa\u011fl\u0131k Bakan\u0131 Dr. Fahrettin Koca, Sa\u011fl\u0131k Bakanl\u0131\u011f\u0131 Bilkent Yerle\u015fkesi'ndeki Koronavir\u00fcs Bilim Kurulu Toplant\u0131s\u0131\u2019n\u0131n ard\u0131ndan bas\u0131n mensuplar\u0131na a\u00e7\u0131klamalarda bulundu.Yapt\u0131\u011f\u0131 konu\u015fmada, salg\u0131n boyunca her durumda t\u00fcm geli\u015fmeleri zaman\u0131nda ve en a\u00e7\u0131k \u015fekilde iletmeye \u00e7al\u0131\u015ft\u0131\u011f\u0131n\u0131 belirten Koca, bunun g\u00f6rev olmas\u0131n\u0131n yan\u0131nda insani y\u00f6n\u00fcn\u00fcn bulundu\u011funun alt\u0131n\u0131 \u00e7izdi.","robots":{"index":"index","follow":"follow","max-snippet":"max-snippet:-1","max-image-preview":"max-image-preview:large","max-video-preview":"max-video-preview:-1"},"canonical":"https:\/\/keskinhaber.com\/index.php\/2021\/01\/11\/milletimizin-inanc-ve-azmi-her-turlu-badirenin-ustesinden-gelecek-buyukluktedir\/","og_locale":"tr_TR","og_type":"article","og_title":"keskin, haber","og_description":"Sa\u011fl\u0131k Bakan\u0131 Dr. Fahrettin Koca, Sa\u011fl\u0131k Bakanl\u0131\u011f\u0131 Bilkent Yerle\u015fkesi'ndeki Koronavir\u00fcs Bilim Kurulu Toplant\u0131s\u0131\u2019n\u0131n ard\u0131ndan bas\u0131n mensuplar\u0131na a\u00e7\u0131klamalarda bulundu.Yapt\u0131\u011f\u0131 konu\u015fmada, salg\u0131n boyunca her durumda t\u00fcm geli\u015fmeleri zaman\u0131nda ve en a\u00e7\u0131k \u015fekilde iletmeye \u00e7al\u0131\u015ft\u0131\u011f\u0131n\u0131 belirten Koca, bunun g\u00f6rev olmas\u0131n\u0131n yan\u0131nda insani y\u00f6n\u00fcn\u00fcn bulundu\u011funun alt\u0131n\u0131 \u00e7izdi.","og_url":"https:\/\/keskinhaber.com\/index.php\/2021\/01\/11\/milletimizin-inanc-ve-azmi-her-turlu-badirenin-ustesinden-gelecek-buyukluktedir\/","og_site_name":"Keskin Haber","article_publisher":"https:\/\/www.facebook.com\/KeskinFM","article_published_time":"2021-01-11T19:22:16+00:00","article_modified_time":"2021-01-11T19:22:32+00:00","og_image":[{"width":800,"height":400,"url":"https:\/\/keskinhaber.com\/wp-content\/uploads\/2021\/01\/Bakan-Koca.jpg","type":"image\/jpeg"}],"author":"admin","twitter_card":"summary_large_image","twitter_creator":"@keskinhaber","twitter_site":"@keskinhaber","twitter_misc":{"Yazan:":"admin","Tahmini okuma s\u00fcresi":"4 dakika"},"schema":{"@context":"https:\/\/schema.org","@graph":[{"@type":"Article","@id":"https:\/\/keskinhaber.com\/index.php\/2021\/01\/11\/milletimizin-inanc-ve-azmi-her-turlu-badirenin-ustesinden-gelecek-buyukluktedir\/#article","isPartOf":{"@id":"https:\/\/keskinhaber.com\/index.php\/2021\/01\/11\/milletimizin-inanc-ve-azmi-her-turlu-badirenin-ustesinden-gelecek-buyukluktedir\/"},"author":{"name":"admin","@id":"https:\/\/keskinhaber.com\/#\/schema\/person\/895eaf7fdaa84e6aa6e66cb81cb43d15"},"headline":"Milletimizin \u0130nan\u00e7 ve Azmi Her T\u00fcrl\u00fc Badirenin \u00dcstesinden Gelecek B\u00fcy\u00fckl\u00fcktedir","datePublished":"2021-01-11T19:22:16+00:00","dateModified":"2021-01-11T19:22:32+00:00","mainEntityOfPage":{"@id":"https:\/\/keskinhaber.com\/index.php\/2021\/01\/11\/milletimizin-inanc-ve-azmi-her-turlu-badirenin-ustesinden-gelecek-buyukluktedir\/"},"wordCount":884,"commentCount":0,"publisher":{"@id":"https:\/\/keskinhaber.com\/#organization"},"image":{"@id":"https:\/\/keskinhaber.com\/index.php\/2021\/01\/11\/milletimizin-inanc-ve-azmi-her-turlu-badirenin-ustesinden-gelecek-buyukluktedir\/#primaryimage"},"thumbnailUrl":"https:\/\/keskinhaber.com\/wp-content\/uploads\/2021\/01\/Bakan-Koca.jpg","articleSection":["G\u00fcncel"],"inLanguage":"tr","potentialAction":[{"@type":"CommentAction","name":"Comment","target":["https:\/\/keskinhaber.com\/index.php\/2021\/01\/11\/milletimizin-inanc-ve-azmi-her-turlu-badirenin-ustesinden-gelecek-buyukluktedir\/#respond"]}]},{"@type":"WebPage","@id":"https:\/\/keskinhaber.com\/index.php\/2021\/01\/11\/milletimizin-inanc-ve-azmi-her-turlu-badirenin-ustesinden-gelecek-buyukluktedir\/","url":"https:\/\/keskinhaber.com\/index.php\/2021\/01\/11\/milletimizin-inanc-ve-azmi-her-turlu-badirenin-ustesinden-gelecek-buyukluktedir\/","name":"keskin, haber","isPartOf":{"@id":"https:\/\/keskinhaber.com\/#website"},"primaryImageOfPage":{"@id":"https:\/\/keskinhaber.com\/index.php\/2021\/01\/11\/milletimizin-inanc-ve-azmi-her-turlu-badirenin-ustesinden-gelecek-buyukluktedir\/#primaryimage"},"image":{"@id":"https:\/\/keskinhaber.com\/index.php\/2021\/01\/11\/milletimizin-inanc-ve-azmi-her-turlu-badirenin-ustesinden-gelecek-buyukluktedir\/#primaryimage"},"thumbnailUrl":"https:\/\/keskinhaber.com\/wp-content\/uploads\/2021\/01\/Bakan-Koca.jpg","datePublished":"2021-01-11T19:22:16+00:00","dateModified":"2021-01-11T19:22:32+00:00","description":"Sa\u011fl\u0131k Bakan\u0131 Dr. Fahrettin Koca, Sa\u011fl\u0131k Bakanl\u0131\u011f\u0131 Bilkent Yerle\u015fkesi'ndeki Koronavir\u00fcs Bilim Kurulu Toplant\u0131s\u0131\u2019n\u0131n ard\u0131ndan bas\u0131n mensuplar\u0131na a\u00e7\u0131klamalarda bulundu.Yapt\u0131\u011f\u0131 konu\u015fmada, salg\u0131n boyunca her durumda t\u00fcm geli\u015fmeleri zaman\u0131nda ve en a\u00e7\u0131k \u015fekilde iletmeye \u00e7al\u0131\u015ft\u0131\u011f\u0131n\u0131 belirten Koca, bunun g\u00f6rev olmas\u0131n\u0131n yan\u0131nda insani y\u00f6n\u00fcn\u00fcn bulundu\u011funun alt\u0131n\u0131 \u00e7izdi.","breadcrumb":{"@id":"https:\/\/keskinhaber.com\/index.php\/2021\/01\/11\/milletimizin-inanc-ve-azmi-her-turlu-badirenin-ustesinden-gelecek-buyukluktedir\/#breadcrumb"},"inLanguage":"tr","potentialAction":[{"@type":"ReadAction","target":["https:\/\/keskinhaber.com\/index.php\/2021\/01\/11\/milletimizin-inanc-ve-azmi-her-turlu-badirenin-ustesinden-gelecek-buyukluktedir\/"]}]},{"@type":"ImageObject","inLanguage":"tr","@id":"https:\/\/keskinhaber.com\/index.php\/2021\/01\/11\/milletimizin-inanc-ve-azmi-her-turlu-badirenin-ustesinden-gelecek-buyukluktedir\/#primaryimage","url":"https:\/\/keskinhaber.com\/wp-content\/uploads\/2021\/01\/Bakan-Koca.jpg","contentUrl":"https:\/\/keskinhaber.com\/wp-content\/uploads\/2021\/01\/Bakan-Koca.jpg","width":800,"height":400},{"@type":"BreadcrumbList","@id":"https:\/\/keskinhaber.com\/index.php\/2021\/01\/11\/milletimizin-inanc-ve-azmi-her-turlu-badirenin-ustesinden-gelecek-buyukluktedir\/#breadcrumb","itemListElement":[{"@type":"ListItem","position":1,"name":"Home","item":"https:\/\/keskinhaber.com\/"},{"@type":"ListItem","position":2,"name":"Milletimizin \u0130nan\u00e7 ve Azmi Her T\u00fcrl\u00fc Badirenin \u00dcstesinden Gelecek B\u00fcy\u00fckl\u00fcktedir"}]},{"@type":"WebSite","@id":"https:\/\/keskinhaber.com\/#website","url":"https:\/\/keskinhaber.com\/","name":"Keskin Haber","description":"Tarafs\u0131z Haberin Merkezi","publisher":{"@id":"https:\/\/keskinhaber.com\/#organization"},"alternateName":"keskinhaber","potentialAction":[{"@type":"SearchAction","target":{"@type":"EntryPoint","urlTemplate":"https:\/\/keskinhaber.com\/?s={search_term_string}"},"query-input":{"@type":"PropertyValueSpecification","valueRequired":true,"valueName":"search_term_string"}}],"inLanguage":"tr"},{"@type":"Organization","@id":"https:\/\/keskinhaber.com\/#organization","name":"Keskin Haber-Tarafs\u0131z Haberin Merkezi","alternateName":"keskinhaber","url":"https:\/\/keskinhaber.com\/","logo":{"@type":"ImageObject","inLanguage":"tr","@id":"https:\/\/keskinhaber.com\/#\/schema\/logo\/image\/","url":"https:\/\/keskinhaber.com\/wp-content\/uploads\/2020\/12\/keskin-haber-logo.png","contentUrl":"https:\/\/keskinhaber.com\/wp-content\/uploads\/2020\/12\/keskin-haber-logo.png","width":229,"height":40,"caption":"Keskin Haber-Tarafs\u0131z Haberin Merkezi"},"image":{"@id":"https:\/\/keskinhaber.com\/#\/schema\/logo\/image\/"},"sameAs":["https:\/\/www.facebook.com\/KeskinFM","https:\/\/x.com\/keskinhaber"]},{"@type":"Person","@id":"https:\/\/keskinhaber.com\/#\/schema\/person\/895eaf7fdaa84e6aa6e66cb81cb43d15","name":"admin","image":{"@type":"ImageObject","inLanguage":"tr","@id":"https:\/\/secure.gravatar.com\/avatar\/638399cc6c046cab6b781ba08137f90e3c088d731afee2cc8e755ee107e4ced8?s=96&d=mm&r=g","url":"https:\/\/secure.gravatar.com\/avatar\/638399cc6c046cab6b781ba08137f90e3c088d731afee2cc8e755ee107e4ced8?s=96&d=mm&r=g","contentUrl":"https:\/\/secure.gravatar.com\/avatar\/638399cc6c046cab6b781ba08137f90e3c088d731afee2cc8e755ee107e4ced8?s=96&d=mm&r=g","caption":"admin"},"sameAs":["https:\/\/keskinhaber.com"]}]}},"_links":{"self":[{"href":"https:\/\/keskinhaber.com\/index.php\/wp-json\/wp\/v2\/posts\/862","targetHints":{"allow":["GET"]}}],"collection":[{"href":"https:\/\/keskinhaber.com\/index.php\/wp-json\/wp\/v2\/posts"}],"about":[{"href":"https:\/\/keskinhaber.com\/index.php\/wp-json\/wp\/v2\/types\/post"}],"author":[{"embeddable":true,"href":"https:\/\/keskinhaber.com\/index.php\/wp-json\/wp\/v2\/users\/1"}],"replies":[{"embeddable":true,"href":"https:\/\/keskinhaber.com\/index.php\/wp-json\/wp\/v2\/comments?post=862"}],"version-history":[{"count":1,"href":"https:\/\/keskinhaber.com\/index.php\/wp-json\/wp\/v2\/posts\/862\/revisions"}],"predecessor-version":[{"id":864,"href":"https:\/\/keskinhaber.com\/index.php\/wp-json\/wp\/v2\/posts\/862\/revisions\/864"}],"wp:featuredmedia":[{"embeddable":true,"href":"https:\/\/keskinhaber.com\/index.php\/wp-json\/wp\/v2\/media\/863"}],"wp:attachment":[{"href":"https:\/\/keskinhaber.com\/index.php\/wp-json\/wp\/v2\/media?parent=862"}],"wp:term":[{"taxonomy":"category","embeddable":true,"href":"https:\/\/keskinhaber.com\/index.php\/wp-json\/wp\/v2\/categories?post=862"},{"taxonomy":"post_tag","embeddable":true,"href":"https:\/\/keskinhaber.com\/index.php\/wp-json\/wp\/v2\/tags?post=862"}],"curies":[{"name":"wp","href":"https:\/\/api.w.org\/{rel}","templated":true}]}}