{"id":872,"date":"2021-01-12T20:42:40","date_gmt":"2021-01-12T20:42:40","guid":{"rendered":"https:\/\/keskinhaber.com\/?p=872"},"modified":"2021-01-12T20:42:40","modified_gmt":"2021-01-12T20:42:40","slug":"abali-calisan-gazetecilerle-bir-araya-geldi","status":"publish","type":"post","link":"https:\/\/keskinhaber.com\/index.php\/2021\/01\/12\/abali-calisan-gazetecilerle-bir-araya-geldi\/","title":{"rendered":"Abal\u0131 \u00c7al\u0131\u015fan Gazetecilerle Bir Araya Geldi"},"content":{"rendered":"<h2>MHP Merkez \u0130l\u00e7e Ba\u015fkan\u0131 Avukat Murat Abal\u0131, 10 Ocak \u00e7al\u0131\u015fan gazeteciler g\u00fcn\u00fc nedeniyle, Eypark tesislerinde yemekli bir toplant\u0131 d\u00fczenledi.<\/h2>\n<p>Davete b\u00fct\u00fcn gazetecilerin ilgi g\u00f6stermesi dikkat \u00e7ekti. Yemek boyunca samimi bir \u015fekilde sohbet eden gazeteciler ve MHP il ve il\u00e7e ba\u015fkanlar\u0131n\u0131n toplant\u0131 sonunda da gazetecileri tek tek kutlamas\u0131 ilgi g\u00f6rd\u00fc.<\/p>\n<p><strong>BALO\u011eLU; G\u00dcN\u00dcN HER SAAT\u0130 \u00c7ALI\u015eIYORSUNUZ<\/strong><\/p>\n<p>Toplant\u0131da gazetecilere hitap eden MHP Merkez \u0130l Ba\u015fkan\u0131 Erdal Balo\u011flu, organizasyonu d\u00fczenleyen ki\u015finin Merkez il\u00e7e Ba\u015fkan\u0131 Avukat Murat Abal\u0131 oldu\u011funa dikkat \u00e7ektikten sonra \u201cBen de sizler gibi misafirim\u201d diye ba\u015flad\u0131\u011f\u0131 s\u00f6zlerini \u201c G\u00fcn\u00fcn her saatinde g\u00f6rev yap\u0131yorsunuz. Durmadan dinlenmeden \u00e7al\u0131\u015f\u0131yorsunuz. Toplumu bilgilendirmek i\u00e7in g\u00f6sterdi\u011finiz bu emek neticesinde toplum hem bilgileniyor, hem de haberdar oluyor. Bu hizmetleri veren sizlerin, her birinizin ayr\u0131 ayr\u0131 10 Ocak \u00e7al\u0131\u015fan gazeteciler g\u00fcn\u00fcn\u00fcz\u00fc tebrik ediyorum\u201d dedi.<\/p>\n<p><strong><img loading=\"lazy\" decoding=\"async\" class=\" wp-image-874 alignleft\" src=\"https:\/\/keskinhaber.com\/wp-content\/uploads\/2021\/01\/murat-abali-yemek-calisan-gazeteciler-gunu-01-300x134.jpeg\" alt=\"\" width=\"432\" height=\"193\" srcset=\"https:\/\/keskinhaber.com\/wp-content\/uploads\/2021\/01\/murat-abali-yemek-calisan-gazeteciler-gunu-01-300x134.jpeg 300w, https:\/\/keskinhaber.com\/wp-content\/uploads\/2021\/01\/murat-abali-yemek-calisan-gazeteciler-gunu-01-1024x456.jpeg 1024w, https:\/\/keskinhaber.com\/wp-content\/uploads\/2021\/01\/murat-abali-yemek-calisan-gazeteciler-gunu-01-768x342.jpeg 768w, https:\/\/keskinhaber.com\/wp-content\/uploads\/2021\/01\/murat-abali-yemek-calisan-gazeteciler-gunu-01.jpeg 1416w\" sizes=\"auto, (max-width: 432px) 100vw, 432px\" \/>ABALI; ZORLUKLARINIZI B\u0130L\u0130YORUZ<\/strong><\/p>\n<p>Herkesi selamlayarak s\u00f6zlerine ba\u015flayan davetin ev sahipli\u011fini yapan MHP Merkez \u0130l\u00e7e Ba\u015fkan\u0131 Avukat Murat Abal\u0131 ise \u201cSizlerin gayretleri sayesinde K\u0131r\u0131kkale kamuoyu bilgileniyor. Bu bilgilenmede de sizlerin emekleri var. Her birisiniz s\u00fcrekli mesaidesiniz. Bu mesaiyi s\u00fcrd\u00fcr\u00fcrken kar\u015f\u0131la\u015ft\u0131\u011f\u0131n\u0131z zorluklar\u0131 da biliyoruz. B\u00f6yle bir g\u00fcnde sizlerle bir araya gelmek, dost\u00e7a mesleklerimizi bir kenara b\u0131rakarak sohbet etmek istedik. Kat\u0131lan herkese te\u015fekk\u00fcr ediyor, 10 Ocak \u00e7al\u0131\u015fan Gazeteciler g\u00fcn\u00fcn\u00fcz\u00fc kutluyorum\u201d dedi.<\/p>\n","protected":false},"excerpt":{"rendered":"<p>MHP Merkez \u0130l\u00e7e Ba\u015fkan\u0131 Avukat Murat Abal\u0131, 10 Ocak \u00e7al\u0131\u015fan gazeteciler g\u00fcn\u00fc nedeniyle, Eypark tesislerinde yemekli bir toplant\u0131 d\u00fczenledi. Davete b\u00fct\u00fcn gazetecilerin ilgi g\u00f6stermesi dikkat \u00e7ekti. Yemek boyunca samimi bir \u015fekilde sohbet eden gazeteciler ve MHP il ve il\u00e7e ba\u015fkanlar\u0131n\u0131n toplant\u0131 sonunda da gazetecileri tek tek kutlamas\u0131 ilgi g\u00f6rd\u00fc. BALO\u011eLU; G\u00dcN\u00dcN HER SAAT\u0130 \u00c7ALI\u015eIYORSUNUZ Toplant\u0131da [&hellip;]<\/p>\n","protected":false},"author":1,"featured_media":873,"comment_status":"open","ping_status":"open","sticky":false,"template":"","format":"standard","meta":{"om_disable_all_campaigns":false,"_monsterinsights_skip_tracking":false,"_monsterinsights_sitenote_active":false,"_monsterinsights_sitenote_note":"","_monsterinsights_sitenote_category":0,"_uf_show_specific_survey":0,"_uf_disable_surveys":false,"footnotes":""},"categories":[40],"tags":[],"class_list":["post-872","post","type-post","status-publish","format-standard","has-post-thumbnail","hentry","category-guncel"],"aioseo_notices":[],"yoast_head":"<!-- This site is optimized with the Yoast SEO plugin v27.5 - https:\/\/yoast.com\/product\/yoast-seo-wordpress\/ -->\n<title>keskin, haber<\/title>\n<meta name=\"description\" content=\"MHP Merkez \u0130l\u00e7e Ba\u015fkan\u0131 Avukat Murat Abal\u0131, 10 Ocak \u00e7al\u0131\u015fan gazeteciler g\u00fcn\u00fc nedeniyle, Eypark tesislerinde yemekli bir toplant\u0131 d\u00fczenledi.\" \/>\n<meta name=\"robots\" content=\"index, follow, max-snippet:-1, max-image-preview:large, max-video-preview:-1\" \/>\n<link rel=\"canonical\" href=\"https:\/\/keskinhaber.com\/index.php\/2021\/01\/12\/abali-calisan-gazetecilerle-bir-araya-geldi\/\" \/>\n<meta property=\"og:locale\" content=\"tr_TR\" \/>\n<meta property=\"og:type\" content=\"article\" \/>\n<meta property=\"og:title\" content=\"keskin, haber\" \/>\n<meta property=\"og:description\" content=\"MHP Merkez \u0130l\u00e7e Ba\u015fkan\u0131 Avukat Murat Abal\u0131, 10 Ocak \u00e7al\u0131\u015fan gazeteciler g\u00fcn\u00fc nedeniyle, Eypark tesislerinde yemekli bir toplant\u0131 d\u00fczenledi.\" \/>\n<meta property=\"og:url\" content=\"https:\/\/keskinhaber.com\/index.php\/2021\/01\/12\/abali-calisan-gazetecilerle-bir-araya-geldi\/\" \/>\n<meta property=\"og:site_name\" content=\"Keskin Haber\" \/>\n<meta property=\"article:publisher\" content=\"https:\/\/www.facebook.com\/KeskinFM\" \/>\n<meta property=\"article:published_time\" content=\"2021-01-12T20:42:40+00:00\" \/>\n<meta property=\"og:image\" content=\"https:\/\/keskinhaber.com\/wp-content\/uploads\/2021\/01\/murat-Abali.jpg\" \/>\n\t<meta property=\"og:image:width\" content=\"961\" \/>\n\t<meta property=\"og:image:height\" content=\"493\" \/>\n\t<meta property=\"og:image:type\" content=\"image\/jpeg\" \/>\n<meta name=\"author\" content=\"admin\" \/>\n<meta name=\"twitter:card\" content=\"summary_large_image\" \/>\n<meta name=\"twitter:creator\" content=\"@keskinhaber\" \/>\n<meta name=\"twitter:site\" content=\"@keskinhaber\" \/>\n<meta name=\"twitter:label1\" content=\"Yazan:\" \/>\n\t<meta name=\"twitter:data1\" content=\"admin\" \/>\n\t<meta name=\"twitter:label2\" content=\"Tahmini okuma s\u00fcresi\" \/>\n\t<meta name=\"twitter:data2\" content=\"1 dakika\" \/>\n<script type=\"application\/ld+json\" class=\"yoast-schema-graph\">{\"@context\":\"https:\\\/\\\/schema.org\",\"@graph\":[{\"@type\":\"Article\",\"@id\":\"https:\\\/\\\/keskinhaber.com\\\/index.php\\\/2021\\\/01\\\/12\\\/abali-calisan-gazetecilerle-bir-araya-geldi\\\/#article\",\"isPartOf\":{\"@id\":\"https:\\\/\\\/keskinhaber.com\\\/index.php\\\/2021\\\/01\\\/12\\\/abali-calisan-gazetecilerle-bir-araya-geldi\\\/\"},\"author\":{\"name\":\"admin\",\"@id\":\"https:\\\/\\\/keskinhaber.com\\\/#\\\/schema\\\/person\\\/895eaf7fdaa84e6aa6e66cb81cb43d15\"},\"headline\":\"Abal\u0131 \u00c7al\u0131\u015fan Gazetecilerle Bir Araya Geldi\",\"datePublished\":\"2021-01-12T20:42:40+00:00\",\"mainEntityOfPage\":{\"@id\":\"https:\\\/\\\/keskinhaber.com\\\/index.php\\\/2021\\\/01\\\/12\\\/abali-calisan-gazetecilerle-bir-araya-geldi\\\/\"},\"wordCount\":262,\"commentCount\":0,\"publisher\":{\"@id\":\"https:\\\/\\\/keskinhaber.com\\\/#organization\"},\"image\":{\"@id\":\"https:\\\/\\\/keskinhaber.com\\\/index.php\\\/2021\\\/01\\\/12\\\/abali-calisan-gazetecilerle-bir-araya-geldi\\\/#primaryimage\"},\"thumbnailUrl\":\"https:\\\/\\\/keskinhaber.com\\\/wp-content\\\/uploads\\\/2021\\\/01\\\/murat-Abali.jpg\",\"articleSection\":[\"G\u00fcncel\"],\"inLanguage\":\"tr\",\"potentialAction\":[{\"@type\":\"CommentAction\",\"name\":\"Comment\",\"target\":[\"https:\\\/\\\/keskinhaber.com\\\/index.php\\\/2021\\\/01\\\/12\\\/abali-calisan-gazetecilerle-bir-araya-geldi\\\/#respond\"]}]},{\"@type\":\"WebPage\",\"@id\":\"https:\\\/\\\/keskinhaber.com\\\/index.php\\\/2021\\\/01\\\/12\\\/abali-calisan-gazetecilerle-bir-araya-geldi\\\/\",\"url\":\"https:\\\/\\\/keskinhaber.com\\\/index.php\\\/2021\\\/01\\\/12\\\/abali-calisan-gazetecilerle-bir-araya-geldi\\\/\",\"name\":\"keskin, haber\",\"isPartOf\":{\"@id\":\"https:\\\/\\\/keskinhaber.com\\\/#website\"},\"primaryImageOfPage\":{\"@id\":\"https:\\\/\\\/keskinhaber.com\\\/index.php\\\/2021\\\/01\\\/12\\\/abali-calisan-gazetecilerle-bir-araya-geldi\\\/#primaryimage\"},\"image\":{\"@id\":\"https:\\\/\\\/keskinhaber.com\\\/index.php\\\/2021\\\/01\\\/12\\\/abali-calisan-gazetecilerle-bir-araya-geldi\\\/#primaryimage\"},\"thumbnailUrl\":\"https:\\\/\\\/keskinhaber.com\\\/wp-content\\\/uploads\\\/2021\\\/01\\\/murat-Abali.jpg\",\"datePublished\":\"2021-01-12T20:42:40+00:00\",\"description\":\"MHP Merkez \u0130l\u00e7e Ba\u015fkan\u0131 Avukat Murat Abal\u0131, 10 Ocak \u00e7al\u0131\u015fan gazeteciler g\u00fcn\u00fc nedeniyle, Eypark tesislerinde yemekli bir toplant\u0131 d\u00fczenledi.\",\"breadcrumb\":{\"@id\":\"https:\\\/\\\/keskinhaber.com\\\/index.php\\\/2021\\\/01\\\/12\\\/abali-calisan-gazetecilerle-bir-araya-geldi\\\/#breadcrumb\"},\"inLanguage\":\"tr\",\"potentialAction\":[{\"@type\":\"ReadAction\",\"target\":[\"https:\\\/\\\/keskinhaber.com\\\/index.php\\\/2021\\\/01\\\/12\\\/abali-calisan-gazetecilerle-bir-araya-geldi\\\/\"]}]},{\"@type\":\"ImageObject\",\"inLanguage\":\"tr\",\"@id\":\"https:\\\/\\\/keskinhaber.com\\\/index.php\\\/2021\\\/01\\\/12\\\/abali-calisan-gazetecilerle-bir-araya-geldi\\\/#primaryimage\",\"url\":\"https:\\\/\\\/keskinhaber.com\\\/wp-content\\\/uploads\\\/2021\\\/01\\\/murat-Abali.jpg\",\"contentUrl\":\"https:\\\/\\\/keskinhaber.com\\\/wp-content\\\/uploads\\\/2021\\\/01\\\/murat-Abali.jpg\",\"width\":961,\"height\":493},{\"@type\":\"BreadcrumbList\",\"@id\":\"https:\\\/\\\/keskinhaber.com\\\/index.php\\\/2021\\\/01\\\/12\\\/abali-calisan-gazetecilerle-bir-araya-geldi\\\/#breadcrumb\",\"itemListElement\":[{\"@type\":\"ListItem\",\"position\":1,\"name\":\"Home\",\"item\":\"https:\\\/\\\/keskinhaber.com\\\/\"},{\"@type\":\"ListItem\",\"position\":2,\"name\":\"Abal\u0131 \u00c7al\u0131\u015fan Gazetecilerle Bir Araya Geldi\"}]},{\"@type\":\"WebSite\",\"@id\":\"https:\\\/\\\/keskinhaber.com\\\/#website\",\"url\":\"https:\\\/\\\/keskinhaber.com\\\/\",\"name\":\"Keskin Haber\",\"description\":\"Tarafs\u0131z Haberin Merkezi\",\"publisher\":{\"@id\":\"https:\\\/\\\/keskinhaber.com\\\/#organization\"},\"alternateName\":\"keskinhaber\",\"potentialAction\":[{\"@type\":\"SearchAction\",\"target\":{\"@type\":\"EntryPoint\",\"urlTemplate\":\"https:\\\/\\\/keskinhaber.com\\\/?s={search_term_string}\"},\"query-input\":{\"@type\":\"PropertyValueSpecification\",\"valueRequired\":true,\"valueName\":\"search_term_string\"}}],\"inLanguage\":\"tr\"},{\"@type\":\"Organization\",\"@id\":\"https:\\\/\\\/keskinhaber.com\\\/#organization\",\"name\":\"Keskin Haber-Tarafs\u0131z Haberin Merkezi\",\"alternateName\":\"keskinhaber\",\"url\":\"https:\\\/\\\/keskinhaber.com\\\/\",\"logo\":{\"@type\":\"ImageObject\",\"inLanguage\":\"tr\",\"@id\":\"https:\\\/\\\/keskinhaber.com\\\/#\\\/schema\\\/logo\\\/image\\\/\",\"url\":\"https:\\\/\\\/keskinhaber.com\\\/wp-content\\\/uploads\\\/2020\\\/12\\\/keskin-haber-logo.png\",\"contentUrl\":\"https:\\\/\\\/keskinhaber.com\\\/wp-content\\\/uploads\\\/2020\\\/12\\\/keskin-haber-logo.png\",\"width\":229,\"height\":40,\"caption\":\"Keskin Haber-Tarafs\u0131z Haberin Merkezi\"},\"image\":{\"@id\":\"https:\\\/\\\/keskinhaber.com\\\/#\\\/schema\\\/logo\\\/image\\\/\"},\"sameAs\":[\"https:\\\/\\\/www.facebook.com\\\/KeskinFM\",\"https:\\\/\\\/x.com\\\/keskinhaber\"]},{\"@type\":\"Person\",\"@id\":\"https:\\\/\\\/keskinhaber.com\\\/#\\\/schema\\\/person\\\/895eaf7fdaa84e6aa6e66cb81cb43d15\",\"name\":\"admin\",\"image\":{\"@type\":\"ImageObject\",\"inLanguage\":\"tr\",\"@id\":\"https:\\\/\\\/secure.gravatar.com\\\/avatar\\\/638399cc6c046cab6b781ba08137f90e3c088d731afee2cc8e755ee107e4ced8?s=96&d=mm&r=g\",\"url\":\"https:\\\/\\\/secure.gravatar.com\\\/avatar\\\/638399cc6c046cab6b781ba08137f90e3c088d731afee2cc8e755ee107e4ced8?s=96&d=mm&r=g\",\"contentUrl\":\"https:\\\/\\\/secure.gravatar.com\\\/avatar\\\/638399cc6c046cab6b781ba08137f90e3c088d731afee2cc8e755ee107e4ced8?s=96&d=mm&r=g\",\"caption\":\"admin\"},\"sameAs\":[\"https:\\\/\\\/keskinhaber.com\"]}]}<\/script>\n<!-- \/ Yoast SEO plugin. -->","yoast_head_json":{"title":"keskin, haber","description":"MHP Merkez \u0130l\u00e7e Ba\u015fkan\u0131 Avukat Murat Abal\u0131, 10 Ocak \u00e7al\u0131\u015fan gazeteciler g\u00fcn\u00fc nedeniyle, Eypark tesislerinde yemekli bir toplant\u0131 d\u00fczenledi.","robots":{"index":"index","follow":"follow","max-snippet":"max-snippet:-1","max-image-preview":"max-image-preview:large","max-video-preview":"max-video-preview:-1"},"canonical":"https:\/\/keskinhaber.com\/index.php\/2021\/01\/12\/abali-calisan-gazetecilerle-bir-araya-geldi\/","og_locale":"tr_TR","og_type":"article","og_title":"keskin, haber","og_description":"MHP Merkez \u0130l\u00e7e Ba\u015fkan\u0131 Avukat Murat Abal\u0131, 10 Ocak \u00e7al\u0131\u015fan gazeteciler g\u00fcn\u00fc nedeniyle, Eypark tesislerinde yemekli bir toplant\u0131 d\u00fczenledi.","og_url":"https:\/\/keskinhaber.com\/index.php\/2021\/01\/12\/abali-calisan-gazetecilerle-bir-araya-geldi\/","og_site_name":"Keskin Haber","article_publisher":"https:\/\/www.facebook.com\/KeskinFM","article_published_time":"2021-01-12T20:42:40+00:00","og_image":[{"width":961,"height":493,"url":"https:\/\/keskinhaber.com\/wp-content\/uploads\/2021\/01\/murat-Abali.jpg","type":"image\/jpeg"}],"author":"admin","twitter_card":"summary_large_image","twitter_creator":"@keskinhaber","twitter_site":"@keskinhaber","twitter_misc":{"Yazan:":"admin","Tahmini okuma s\u00fcresi":"1 dakika"},"schema":{"@context":"https:\/\/schema.org","@graph":[{"@type":"Article","@id":"https:\/\/keskinhaber.com\/index.php\/2021\/01\/12\/abali-calisan-gazetecilerle-bir-araya-geldi\/#article","isPartOf":{"@id":"https:\/\/keskinhaber.com\/index.php\/2021\/01\/12\/abali-calisan-gazetecilerle-bir-araya-geldi\/"},"author":{"name":"admin","@id":"https:\/\/keskinhaber.com\/#\/schema\/person\/895eaf7fdaa84e6aa6e66cb81cb43d15"},"headline":"Abal\u0131 \u00c7al\u0131\u015fan Gazetecilerle Bir Araya Geldi","datePublished":"2021-01-12T20:42:40+00:00","mainEntityOfPage":{"@id":"https:\/\/keskinhaber.com\/index.php\/2021\/01\/12\/abali-calisan-gazetecilerle-bir-araya-geldi\/"},"wordCount":262,"commentCount":0,"publisher":{"@id":"https:\/\/keskinhaber.com\/#organization"},"image":{"@id":"https:\/\/keskinhaber.com\/index.php\/2021\/01\/12\/abali-calisan-gazetecilerle-bir-araya-geldi\/#primaryimage"},"thumbnailUrl":"https:\/\/keskinhaber.com\/wp-content\/uploads\/2021\/01\/murat-Abali.jpg","articleSection":["G\u00fcncel"],"inLanguage":"tr","potentialAction":[{"@type":"CommentAction","name":"Comment","target":["https:\/\/keskinhaber.com\/index.php\/2021\/01\/12\/abali-calisan-gazetecilerle-bir-araya-geldi\/#respond"]}]},{"@type":"WebPage","@id":"https:\/\/keskinhaber.com\/index.php\/2021\/01\/12\/abali-calisan-gazetecilerle-bir-araya-geldi\/","url":"https:\/\/keskinhaber.com\/index.php\/2021\/01\/12\/abali-calisan-gazetecilerle-bir-araya-geldi\/","name":"keskin, haber","isPartOf":{"@id":"https:\/\/keskinhaber.com\/#website"},"primaryImageOfPage":{"@id":"https:\/\/keskinhaber.com\/index.php\/2021\/01\/12\/abali-calisan-gazetecilerle-bir-araya-geldi\/#primaryimage"},"image":{"@id":"https:\/\/keskinhaber.com\/index.php\/2021\/01\/12\/abali-calisan-gazetecilerle-bir-araya-geldi\/#primaryimage"},"thumbnailUrl":"https:\/\/keskinhaber.com\/wp-content\/uploads\/2021\/01\/murat-Abali.jpg","datePublished":"2021-01-12T20:42:40+00:00","description":"MHP Merkez \u0130l\u00e7e Ba\u015fkan\u0131 Avukat Murat Abal\u0131, 10 Ocak \u00e7al\u0131\u015fan gazeteciler g\u00fcn\u00fc nedeniyle, Eypark tesislerinde yemekli bir toplant\u0131 d\u00fczenledi.","breadcrumb":{"@id":"https:\/\/keskinhaber.com\/index.php\/2021\/01\/12\/abali-calisan-gazetecilerle-bir-araya-geldi\/#breadcrumb"},"inLanguage":"tr","potentialAction":[{"@type":"ReadAction","target":["https:\/\/keskinhaber.com\/index.php\/2021\/01\/12\/abali-calisan-gazetecilerle-bir-araya-geldi\/"]}]},{"@type":"ImageObject","inLanguage":"tr","@id":"https:\/\/keskinhaber.com\/index.php\/2021\/01\/12\/abali-calisan-gazetecilerle-bir-araya-geldi\/#primaryimage","url":"https:\/\/keskinhaber.com\/wp-content\/uploads\/2021\/01\/murat-Abali.jpg","contentUrl":"https:\/\/keskinhaber.com\/wp-content\/uploads\/2021\/01\/murat-Abali.jpg","width":961,"height":493},{"@type":"BreadcrumbList","@id":"https:\/\/keskinhaber.com\/index.php\/2021\/01\/12\/abali-calisan-gazetecilerle-bir-araya-geldi\/#breadcrumb","itemListElement":[{"@type":"ListItem","position":1,"name":"Home","item":"https:\/\/keskinhaber.com\/"},{"@type":"ListItem","position":2,"name":"Abal\u0131 \u00c7al\u0131\u015fan Gazetecilerle Bir Araya Geldi"}]},{"@type":"WebSite","@id":"https:\/\/keskinhaber.com\/#website","url":"https:\/\/keskinhaber.com\/","name":"Keskin Haber","description":"Tarafs\u0131z Haberin Merkezi","publisher":{"@id":"https:\/\/keskinhaber.com\/#organization"},"alternateName":"keskinhaber","potentialAction":[{"@type":"SearchAction","target":{"@type":"EntryPoint","urlTemplate":"https:\/\/keskinhaber.com\/?s={search_term_string}"},"query-input":{"@type":"PropertyValueSpecification","valueRequired":true,"valueName":"search_term_string"}}],"inLanguage":"tr"},{"@type":"Organization","@id":"https:\/\/keskinhaber.com\/#organization","name":"Keskin Haber-Tarafs\u0131z Haberin Merkezi","alternateName":"keskinhaber","url":"https:\/\/keskinhaber.com\/","logo":{"@type":"ImageObject","inLanguage":"tr","@id":"https:\/\/keskinhaber.com\/#\/schema\/logo\/image\/","url":"https:\/\/keskinhaber.com\/wp-content\/uploads\/2020\/12\/keskin-haber-logo.png","contentUrl":"https:\/\/keskinhaber.com\/wp-content\/uploads\/2020\/12\/keskin-haber-logo.png","width":229,"height":40,"caption":"Keskin Haber-Tarafs\u0131z Haberin Merkezi"},"image":{"@id":"https:\/\/keskinhaber.com\/#\/schema\/logo\/image\/"},"sameAs":["https:\/\/www.facebook.com\/KeskinFM","https:\/\/x.com\/keskinhaber"]},{"@type":"Person","@id":"https:\/\/keskinhaber.com\/#\/schema\/person\/895eaf7fdaa84e6aa6e66cb81cb43d15","name":"admin","image":{"@type":"ImageObject","inLanguage":"tr","@id":"https:\/\/secure.gravatar.com\/avatar\/638399cc6c046cab6b781ba08137f90e3c088d731afee2cc8e755ee107e4ced8?s=96&d=mm&r=g","url":"https:\/\/secure.gravatar.com\/avatar\/638399cc6c046cab6b781ba08137f90e3c088d731afee2cc8e755ee107e4ced8?s=96&d=mm&r=g","contentUrl":"https:\/\/secure.gravatar.com\/avatar\/638399cc6c046cab6b781ba08137f90e3c088d731afee2cc8e755ee107e4ced8?s=96&d=mm&r=g","caption":"admin"},"sameAs":["https:\/\/keskinhaber.com"]}]}},"_links":{"self":[{"href":"https:\/\/keskinhaber.com\/index.php\/wp-json\/wp\/v2\/posts\/872","targetHints":{"allow":["GET"]}}],"collection":[{"href":"https:\/\/keskinhaber.com\/index.php\/wp-json\/wp\/v2\/posts"}],"about":[{"href":"https:\/\/keskinhaber.com\/index.php\/wp-json\/wp\/v2\/types\/post"}],"author":[{"embeddable":true,"href":"https:\/\/keskinhaber.com\/index.php\/wp-json\/wp\/v2\/users\/1"}],"replies":[{"embeddable":true,"href":"https:\/\/keskinhaber.com\/index.php\/wp-json\/wp\/v2\/comments?post=872"}],"version-history":[{"count":1,"href":"https:\/\/keskinhaber.com\/index.php\/wp-json\/wp\/v2\/posts\/872\/revisions"}],"predecessor-version":[{"id":875,"href":"https:\/\/keskinhaber.com\/index.php\/wp-json\/wp\/v2\/posts\/872\/revisions\/875"}],"wp:featuredmedia":[{"embeddable":true,"href":"https:\/\/keskinhaber.com\/index.php\/wp-json\/wp\/v2\/media\/873"}],"wp:attachment":[{"href":"https:\/\/keskinhaber.com\/index.php\/wp-json\/wp\/v2\/media?parent=872"}],"wp:term":[{"taxonomy":"category","embeddable":true,"href":"https:\/\/keskinhaber.com\/index.php\/wp-json\/wp\/v2\/categories?post=872"},{"taxonomy":"post_tag","embeddable":true,"href":"https:\/\/keskinhaber.com\/index.php\/wp-json\/wp\/v2\/tags?post=872"}],"curies":[{"name":"wp","href":"https:\/\/api.w.org\/{rel}","templated":true}]}}